{"id":25290,"date":"2026-09-03T15:59:49","date_gmt":"2026-09-03T18:59:49","guid":{"rendered":"https:\/\/fmsolpeyrano.com\/?p=25290"},"modified":"2026-09-03T15:59:49","modified_gmt":"2026-09-03T18:59:49","slug":"la-onu-confirmo-que-el-nino-sera-el-mas-fuerte-que-se-haya-registrado-sus-efectos-hacia-el-verano-en-sudamerica","status":"publish","type":"post","link":"https:\/\/fmsolpeyrano.com\/index.php\/2026\/09\/03\/la-onu-confirmo-que-el-nino-sera-el-mas-fuerte-que-se-haya-registrado-sus-efectos-hacia-el-verano-en-sudamerica\/","title":{"rendered":"La ONU confirm\u00f3 que El Ni\u00f1o ser\u00e1 el m\u00e1s fuerte que se haya registrado: sus efectos hacia el verano en Sudam\u00e9rica"},"content":{"rendered":"\n<p>La\u00a0<strong>Organizaci\u00f3n Meteorol\u00f3gica Mundial (OMM)\u00a0<\/strong>confirm\u00f3 lo que desde\u00a0hace meses vienen advirtiendo meteor\u00f3logos de todo el mundo: primero, que este fen\u00f3meno de\u00a0<strong>El Ni\u00f1o ser\u00e1 extremadamente fuerte<\/strong>, y, segundo, que\u00a0<strong>alcanzar\u00e1 su punto m\u00e1ximo hacia finales de este a\u00f1o\u00a0<\/strong>y que sus repercusiones en el clima continuar\u00e1n, al menos,<strong>\u00a0hasta febrero de 2027.<\/strong><\/p>\n\n\n\n<p>\u201cEl Ni\u00f1o est\u00e1 claramente establecido y&nbsp;<strong>se intensificar\u00e1 hasta convertirse en un fen\u00f3meno muy fuerte en los pr\u00f3ximos meses<\/strong>, con grandes impactos en los patrones de precipitaci\u00f3n y temperatura, y los riesgos asociados a inundaciones, sequ\u00edas y calor extremo\u201d, afirm\u00f3 la&nbsp;<strong>agencia meteorol\u00f3gica de las Naciones Unidas<\/strong>&nbsp;en un comunicado publicado hoy por la madrugada.<\/p>\n\n\n\n<p>En una rueda de prensa posterior, la secretaria general de la OMM,<strong>\u00a0la argentina Celeste Saulo,\u00a0<\/strong>enfatiz\u00f3 que el actual episodio \u201cpodr\u00eda ser m\u00e1s potente que todo lo observado desde que arranc\u00f3 nuestro monitoreo\u201d hace cuatro d\u00e9cadas. Aunque no es causado por el cambio clim\u00e1tico,<strong>\u00a0los cient\u00edficos esperan que El Ni\u00f1o agrave las temperaturas de un planeta<\/strong>, al tiempo que\u00a0intensifica los fen\u00f3menos meteorol\u00f3gicos extremos.<\/p>\n\n\n\n<p>Para&nbsp;<strong>septiembre-noviembre de 2026<\/strong>, los pron\u00f3sticos de la OMM indican una mayor probabilidad de<strong>&nbsp;temperaturas superiores a lo normal en casi todas las \u00e1reas terrestres<\/strong>. Esto, dice el organismo, puede traer patrones de precipitaciones que muestran una respuesta atmosf\u00e9rica pronunciada y caracter\u00edstica de un fuerte El Ni\u00f1o del Pac\u00edfico.<\/p>\n\n\n\n<p>Sumado a esto, se prev\u00e9 que la&nbsp;<strong>cuenca del Atl\u00e1ntico ecuatorial permanezca en general c\u00e1lida<\/strong>, con temperaturas superficiales del mar en el Atl\u00e1ntico tropical norte y sur por encima de lo normal. Estas condiciones pueden reforzar, debilitar o modificar los impactos t\u00edpicos de El Ni\u00f1o en distintas regiones.<\/p>\n\n\n\n<p>\u201cEl Ni\u00f1o se est\u00e1 volviendo gigantesco ante nuestros ojos. La ciencia no deja lugar a dudas:&nbsp;<strong>el planeta se encuentra en aguas desconocidas, y esas aguas se est\u00e1n calentando.<\/strong>&nbsp;Las temperaturas de la superficie del mar est\u00e1n aumentando, las temperaturas siguen subiendo y el mundo se encuentra en la zona de peligro del clima extremo\u201d, alert\u00f3 el&nbsp;<strong>secretario general de Naciones Unidas, Ant\u00f3nio Guterres<\/strong>, quien agreg\u00f3 que esto puede significar un \u201cgolpe devastador\u201d para las econom\u00edas del mundo.<\/p>\n\n\n\n<h2 class=\"wp-block-heading\">Efectos en Am\u00e9rica Latina<\/h2>\n\n\n\n<p>En Am\u00e9rica Latina, pa\u00edses como\u00a0<strong>Panam\u00e1 y El Salvador se declararon en emergencia<\/strong>\u00a0para enfrentar este episodio de El Ni\u00f1o, que ya oblig\u00f3 incluso a reducir el tr\u00e1fico de buques por la v\u00eda interoce\u00e1nica paname\u00f1a.<\/p>\n\n\n\n<p><strong>Per\u00fa<\/strong>&nbsp;tambi\u00e9n declar\u00f3 el estado de emergencia en casi todos sus departamentos.&nbsp;<strong>Ecuador,<\/strong>&nbsp;por su parte, impuso la&nbsp;<strong>alerta roja&nbsp;<\/strong>ante la fuerte intensificaci\u00f3n del fen\u00f3meno.<\/p>\n\n\n\n<p><strong>En Brasil<\/strong>, el ministro de Medio Ambiente y Cambio Clim\u00e1tico, Jo\u00e3o Paulo Capobianco, afirm\u00f3 hace unas semanas que las autoridades intensificaron las medidas preventivas para enfrentar los posibles impactos de un nuevo ciclo del fen\u00f3meno. Seg\u00fan el funcionario, se<strong>&nbsp;fortalecieron los sistemas de vigilancia ambiental y se despleg\u00f3 el mayor contingente de brigadistas de la historia del pa\u00eds&nbsp;<\/strong>para combatir los incendios forestales.<\/p>\n\n\n\n<p>Otros pa\u00edses de la regi\u00f3n, como&nbsp;<strong>Colombia<\/strong>, ya anunciaron planes o emitieron comunicados para reaccionar ante el riesgo advertido por la OMM. Incluso el&nbsp;<strong>Banco de Desarrollo de Am\u00e9rica Latina y el Caribe&nbsp;<\/strong>public\u00f3 un informe sobre los potenciales impactos de El Ni\u00f1o.<\/p>\n\n\n\n<h2 class=\"wp-block-heading\">Tres huracanes en simult\u00e1neo<\/h2>\n\n\n\n<p><strong>Julia Cole, climat\u00f3loga de la Universidad de Michigan<\/strong>, declar\u00f3 que en el norte mexicano este fen\u00f3meno global influy\u00f3 en el\u00a0<strong>desarrollo y escalada de la tormenta tropical Marie<\/strong>, que hoy golpea las costas de\u00a0<strong>Baja California<\/strong>, en la frontera con los Estados Unidos. Esta, seg\u00fan Cole, se suma a los\u00a0<strong>huracanes Karina y Lowell<\/strong>, ambos de categor\u00eda 4, que\u00a0avanzan hacia el oeste en el Pac\u00edfico.<\/p>\n\n\n\n<p><strong>Tener tres huracanes activos al mismo tiempo es algo \u201cdefinitivamente raro de observar\u201d<\/strong>, declar\u00f3 Cole. \u201cEl calentamiento provocado por El Ni\u00f1o crea las condiciones para estas tormentas, que son impulsadas en gran parte por aguas c\u00e1lidas\u201d, agreg\u00f3.<\/p>\n\n\n\n<h2 class=\"wp-block-heading\">Efectos en la Argentina<\/h2>\n\n\n\n<p><strong>Pedro Di Nezio, director del Servicio Meteorol\u00f3gico Nacional<\/strong>,\u00a0explic\u00f3 hace unas semanas\u00a0a LA NACION que El Ni\u00f1o ya est\u00e1 generando efectos diferenciados en la Argentina. En el Litoral, la Cuenca del Plata y buena parte del centro del pa\u00eds, el fen\u00f3meno est\u00e1 favoreciendo un\u00a0<strong>aumento de las lluvias y elevando el riesgo de crecidas e inundaciones<\/strong>. En Cuyo, en tanto, est\u00e1 aportando lluvias que alivian una sequ\u00eda que se prolonga desde hace m\u00e1s de 15 a\u00f1os.<\/p>\n\n\n\n<p>En la Argentina, el Gobierno Nacional inici\u00f3 su estrategia de coordinaci\u00f3n en mayo pasado con una mesa de preparaci\u00f3n para El Ni\u00f1o. El \u00f3rgano coordinador es la<strong>&nbsp;Agencia Federal de Emergencia (AFE),<\/strong>&nbsp;dependiente del&nbsp;<strong>Ministerio de Seguridad.&nbsp;<\/strong>Desde mayo ha comenzado a tener diversas reuniones con representantes provinciales para responder a desastres provocados por posibles tormentas.<\/p>\n\n\n\n<figure class=\"wp-block-image is-resized\"><img decoding=\"async\" src=\"https:\/\/www.lanacion.com.ar\/resizer\/v2\/evolucion-de-el-nino-para-los-proximos-SJE3VEDQQ5GMZOPICJ7D2UFD7I.jpeg?auth=e72d1a21e47bb379b7428d6d8b44a49f8d95cf1b2153918e034ef0797ee88c5c&amp;width=420&amp;height=328&amp;quality=70&amp;smart=true\" alt=\"Evoluci\u00f3n de El Ni\u00f1o para los pr\u00f3ximos meses\" style=\"aspect-ratio:1.2805488066314135;width:888px;height:auto\"\/><figcaption class=\"wp-element-caption\">Evoluci\u00f3n de El Ni\u00f1o para los pr\u00f3ximos meses<\/figcaption><\/figure>\n\n\n\n<p>A inicios de junio llevaron adelante \u201cla primera reuni\u00f3n de la Mesa de Preparaci\u00f3n ante el Ni\u00f1o, con la participaci\u00f3n de autoridades de<strong>&nbsp;Buenos Aires, Chaco, Corrientes, Entre R\u00edos, Misiones y Santa Fe<\/strong>, para analizar la situaci\u00f3n actual, revisar antecedentes y evaluar el posible impacto del fen\u00f3meno en las provincias de la Cuenca del Plata\u201d.<\/p>\n\n\n\n<p>Poco despu\u00e9s publicaron el<strong>&nbsp;Plan de Coordinaci\u00f3n Federal ENOS 2026\/2027,&nbsp;<\/strong>un programa de trabajo interjurisdiccional para la prevenci\u00f3n y atenci\u00f3n de tormentas extremas con foco en las provincias que se encuentran en la cuenca del Plata, encabezado por la AFE, bajo la \u00f3rbita del Ministerio de Seguridad.<\/p>\n\n\n\n<p>Este plan propone un&nbsp;<strong>sistema escalonado y subsidiario<\/strong>, dependiendo de la gravedad de la crisis. Es decir, si una tormenta es leve, los municipios se encargar\u00e1n de la gesti\u00f3n. En cambio,<strong>&nbsp;si las lluvias son extremas, la cadena jer\u00e1rquica puede escalar hasta instancias nacionales<\/strong>, que pueden incluir&nbsp;<strong>despliegues para asistencia en seguridad y salud<\/strong>. Cada mes se actualizar\u00e1 la situaci\u00f3n y se publicar\u00e1 en el Sistema Nacional de Alerta y Monitoreo de Emergencias (Siname), que incluye un seguimiento satelital de las zonas en riesgo.<\/p>\n\n\n\n<p>Por su parte, algunas provincias y municipios han desarrollado<em>&nbsp;<\/em><em><strong>programas locales para la prevenci\u00f3n y atenci\u00f3n a emergencias<\/strong><\/em><strong>.<\/strong>&nbsp;Tal es el caso de la provincia de Buenos Aires, que form\u00f3 el Comit\u00e9 de Gesti\u00f3n del Riesgo y Emergencias (CORE). Es una estructura similar a la de Naci\u00f3n, pero que contempla las gestiones municipales y las empresas.&nbsp;<strong>El objetivo, al igual que el del gobierno nacional, es la posvenci\u00f3n.<\/strong><\/p>\n","protected":false},"excerpt":{"rendered":"<p>La\u00a0Organizaci\u00f3n Meteorol\u00f3gica Mundial (OMM)\u00a0confirm\u00f3 lo que desde\u00a0hace meses vienen advirtiendo meteor\u00f3logos de todo el mundo: primero, que este fen\u00f3meno de\u00a0El Ni\u00f1o ser\u00e1 extremadamente fuerte, y, segundo, que\u00a0alcanzar\u00e1 su punto m\u00e1ximo hacia finales de este a\u00f1o\u00a0y que sus repercusiones en el clima continuar\u00e1n, al menos,\u00a0hasta febrero de 2027. \u201cEl Ni\u00f1o est\u00e1 claramente establecido y&nbsp;se intensificar\u00e1 hasta [&hellip;]<\/p>\n","protected":false},"author":1,"featured_media":25291,"comment_status":"closed","ping_status":"open","sticky":false,"template":"","format":"standard","meta":{"site-sidebar-layout":"default","site-content-layout":"","ast-site-content-layout":"default","site-content-style":"default","site-sidebar-style":"default","ast-global-header-display":"","ast-banner-title-visibility":"","ast-main-header-display":"","ast-hfb-above-header-display":"","ast-hfb-below-header-display":"","ast-hfb-mobile-header-display":"","site-post-title":"","ast-breadcrumbs-content":"","ast-featured-img":"","footer-sml-layout":"","ast-disable-related-posts":"","theme-transparent-header-meta":"","adv-header-id-meta":"","stick-header-meta":"","header-above-stick-meta":"","header-main-stick-meta":"","header-below-stick-meta":"","astra-migrate-meta-layouts":"set","ast-page-background-enabled":"default","ast-page-background-meta":{"desktop":{"background-color":"var(--ast-global-color-4)","background-image":"","background-repeat":"repeat","background-position":"center center","background-size":"auto","background-attachment":"scroll","background-type":"","background-media":"","overlay-type":"","overlay-color":"","overlay-opacity":"","overlay-gradient":""},"tablet":{"background-color":"","background-image":"","background-repeat":"repeat","background-position":"center center","background-size":"auto","background-attachment":"scroll","background-type":"","background-media":"","overlay-type":"","overlay-color":"","overlay-opacity":"","overlay-gradient":""},"mobile":{"background-color":"","background-image":"","background-repeat":"repeat","background-position":"center center","background-size":"auto","background-attachment":"scroll","background-type":"","background-media":"","overlay-type":"","overlay-color":"","overlay-opacity":"","overlay-gradient":""}},"ast-content-background-meta":{"desktop":{"background-color":"var(--ast-global-color-5)","background-image":"","background-repeat":"repeat","background-position":"center center","background-size":"auto","background-attachment":"scroll","background-type":"","background-media":"","overlay-type":"","overlay-color":"","overlay-opacity":"","overlay-gradient":""},"tablet":{"background-color":"var(--ast-global-color-5)","background-image":"","background-repeat":"repeat","background-position":"center center","background-size":"auto","background-attachment":"scroll","background-type":"","background-media":"","overlay-type":"","overlay-color":"","overlay-opacity":"","overlay-gradient":""},"mobile":{"background-color":"var(--ast-global-color-5)","background-image":"","background-repeat":"repeat","background-position":"center center","background-size":"auto","background-attachment":"scroll","background-type":"","background-media":"","overlay-type":"","overlay-color":"","overlay-opacity":"","overlay-gradient":""}},"footnotes":""},"categories":[1],"tags":[],"class_list":["post-25290","post","type-post","status-publish","format-standard","has-post-thumbnail","hentry","category-sin-categoria"],"_links":{"self":[{"href":"https:\/\/fmsolpeyrano.com\/index.php\/wp-json\/wp\/v2\/posts\/25290","targetHints":{"allow":["GET"]}}],"collection":[{"href":"https:\/\/fmsolpeyrano.com\/index.php\/wp-json\/wp\/v2\/posts"}],"about":[{"href":"https:\/\/fmsolpeyrano.com\/index.php\/wp-json\/wp\/v2\/types\/post"}],"author":[{"embeddable":true,"href":"https:\/\/fmsolpeyrano.com\/index.php\/wp-json\/wp\/v2\/users\/1"}],"replies":[{"embeddable":true,"href":"https:\/\/fmsolpeyrano.com\/index.php\/wp-json\/wp\/v2\/comments?post=25290"}],"version-history":[{"count":1,"href":"https:\/\/fmsolpeyrano.com\/index.php\/wp-json\/wp\/v2\/posts\/25290\/revisions"}],"predecessor-version":[{"id":25292,"href":"https:\/\/fmsolpeyrano.com\/index.php\/wp-json\/wp\/v2\/posts\/25290\/revisions\/25292"}],"wp:featuredmedia":[{"embeddable":true,"href":"https:\/\/fmsolpeyrano.com\/index.php\/wp-json\/wp\/v2\/media\/25291"}],"wp:attachment":[{"href":"https:\/\/fmsolpeyrano.com\/index.php\/wp-json\/wp\/v2\/media?parent=25290"}],"wp:term":[{"taxonomy":"category","embeddable":true,"href":"https:\/\/fmsolpeyrano.com\/index.php\/wp-json\/wp\/v2\/categories?post=25290"},{"taxonomy":"post_tag","embeddable":true,"href":"https:\/\/fmsolpeyrano.com\/index.php\/wp-json\/wp\/v2\/tags?post=25290"}],"curies":[{"name":"wp","href":"https:\/\/api.w.org\/{rel}","templated":true}]}}