{"id":25283,"date":"2026-09-03T12:24:03","date_gmt":"2026-09-03T15:24:03","guid":{"rendered":"https:\/\/fmsolpeyrano.com\/?p=25283"},"modified":"2026-09-03T12:24:03","modified_gmt":"2026-09-03T15:24:03","slug":"la-uia-frente-a-milei-de-la-ilusion-y-el-apoyo-a-la-critica-y-los-reclamos","status":"publish","type":"post","link":"https:\/\/fmsolpeyrano.com\/index.php\/2026\/09\/03\/la-uia-frente-a-milei-de-la-ilusion-y-el-apoyo-a-la-critica-y-los-reclamos\/","title":{"rendered":"La UIA frente a Milei: de la ilusi\u00f3n y el apoyo a la cr\u00edtica y los reclamos"},"content":{"rendered":"\n<p>La visi\u00f3n que la\u00a0<strong>Uni\u00f3n Industrial Argentina<\/strong>\u00a0ha tenido del gobierno de\u00a0<strong>Javier Milei<\/strong>\u00a0no fue\u00a0siempre la misma. Si\u00a0<strong>comenz\u00f3 con un apoyo expl\u00edcito frente a la ilusi\u00f3n de la estabilizaci\u00f3n econ\u00f3mica, el tiempo hizo que predominasen las cr\u00edticas y los reclamos<\/strong>, como sucedi\u00f3 en el discurso del\u00a0<strong>D\u00eda de la Industria<\/strong>\u00a0de hoy. Un deterioro\u00a0que, como no pod\u00eda ser de otra forma, se dio en paralelo a la ca\u00edda cada vez m\u00e1s profunda del sector.<\/p>\n\n\n\n<p><strong>&#8220;La industria la est\u00e1 pasando mal&#8221;<\/strong>, admiti\u00f3\u00a0<strong>Mart\u00edn Rappallini<\/strong>, presidente de la\u00a0<strong>UIA<\/strong>, en declaraciones a la prensa luego de su discurso en el D\u00eda de la Industria, que tuvo lugar en la planta del Laboratorio Elea, en el partido bonaerense de Malvinas Argentinas.<a href=\"https:\/\/www.eldestapeweb.com\/suscripcion?utm_source=BtnSuscriNota\" target=\"_blank\" rel=\"noreferrer noopener\">\u00a0<\/a><\/p>\n\n\n\n<p>Antes, en su discurso oficial,&nbsp;<strong>Rappallini hab\u00eda sido marcadamente cr\u00edtico para con la situaci\u00f3n actual y el gobierno mile\u00edsta<\/strong>.&nbsp;&#8220;La estabilizaci\u00f3n es fundamental para la Argentina. Pero la econom\u00eda no puede medirse solamente por la evoluci\u00f3n de la inflaci\u00f3n. Tenemos que mirar la actividad. Hoy hay sectores muy golpeados, empresas trabajando por debajo de su capacidad&#8221;.<\/p>\n\n\n\n<p>&#8220;La microeconom\u00eda tambi\u00e9n construye la macroeconom\u00eda.&nbsp;<strong>Cuando cae la actividad, se pierde empleo, se debilita el consumo y se destruye tejido empresario y capacidad productiva<\/strong>. Y cuando ese proceso se prolonga, termina afectando tambi\u00e9n la inversi\u00f3n, la recaudaci\u00f3n y la propia estabilidad macroecon\u00f3mica&#8221;, agreg\u00f3 el dirigente industrial,&nbsp;e incluso precis\u00f3 que en los \u00faltimos tres a\u00f1os la industria perdi\u00f3 90.000 puestos de trabajo formal.<\/p>\n\n\n\n<p>Evidentemente, el factor institucional lleva a que no haya una ruptura absoluta. El propio&nbsp;<strong>Rappallini&nbsp;<\/strong>tiene una trayectoria empresarial m\u00e1s ligada a&nbsp;la l\u00ednea interna de la UIA que representa a las pymes mercadointernistas (que tradicionalmente compite mediante la lista Industriales). Pero asumi\u00f3 su cargo en 2025 mediante una lista de unidad, por lo que tambi\u00e9n tiene el pleno&nbsp;<strong>aval de la l\u00ednea interna que representa a las grandes empresas de perfil m\u00e1s bien exportador como Techint<\/strong>&nbsp;(que tradicionalmente compite mediante la lista Celeste y Blanca), las cuales tienen m\u00e1s espalda para respaldar las reformas de largo plazo incluso si inducen una recesi\u00f3n, y est\u00e1n menos preocupadas por el emporamiento del bolsillo local.<\/p>\n\n\n\n<p>En ese sentido,&nbsp;<strong>lo que reclam\u00f3 hoy la UIA es la &#8220;construcci\u00f3n de un puente&#8221;<\/strong>&nbsp;para &#8220;atravesar con \u00e9xito la transici\u00f3n econ\u00f3mica de la estabilizaci\u00f3n hacia el crecimiento&#8221;. Es decir, el apoyo al proyecto econ\u00f3mico sigue en \u00faltima instancia. Sin embargo,&nbsp;<strong>ahora se piden&nbsp;medidas concretas para afrontar lo que ya no se oculta como un panorama de crisis total en el sector.<\/strong><\/p>\n\n\n\n<h2 class=\"wp-block-heading\">Apoyo y expectativas<\/h2>\n\n\n\n<p>Hace dos a\u00f1os, en el&nbsp;<strong>D\u00eda de la Industria de 2024<\/strong>, el tono de la entidad era otro. En esa ocasi\u00f3n, el entonces presidente de la&nbsp;<strong>UIA<\/strong>,&nbsp;<strong>Daniel Funes de Rioja<\/strong>, mostraba no solo la banca directa de la entidad al Gobierno sino, sobre todo, la&nbsp;<strong>fuerte expectativa que ten\u00eda el sector<\/strong>.<\/p>\n\n\n\n<p>&#8220;<strong>No podemos m\u00e1s que valorar el esfuerzo&nbsp;por establecer las condiciones macroecon\u00f3micas<\/strong>, pues la inflaci\u00f3n, la estabilidad el d\u00e9ficit fiscal y la imprevisibilidad no son un buen dato para nadie&#8221;, destac\u00f3&nbsp;<strong>Funes de Rioja.<\/strong><\/p>\n\n\n\n<p>Aun as\u00ed, ya en aquel momento empezaban a traslucirse los primeros resquemores, ya que&nbsp;<strong>Funes de Rioja<\/strong>&nbsp;agreg\u00f3: &#8220;Ahora bien, confiamos en que el ordenamiento de la&nbsp;macro conduzca tambi\u00e9n a&nbsp;<strong>poner \u00e9nfasis en la micro<\/strong>, ya que una no puede existir sin la otra&#8221;, mientras que pidi\u00f3 &#8220;la simplificaci\u00f3n de la&nbsp;carga administrativa&#8221; y &#8220;la reducci\u00f3n de la presi\u00f3n fiscal&#8221;.<\/p>\n\n\n\n<p>Sea como fuere,&nbsp;<strong>la ilusi\u00f3n predominaba y los signos negativos se atribu\u00edan a cuestiones hist\u00f3ricas<\/strong>, no a la propia motosierra&nbsp;y depresi\u00f3n salarial inducidos por&nbsp;<strong>Milei<\/strong>. Un hecho que llama la atenci\u00f3n si se considera que, a esa altura del a\u00f1o, la industria acumulaba un 12,8% de ca\u00edda, producto del ajuste de shock inicial del Gobierno, mientras el tipo de cambio ya mostraba preocupantes signos de atraso.<\/p>\n\n\n\n<p>Sin embargo,&nbsp;<strong>ese mismo d\u00eda la relaci\u00f3n pol\u00edtica entre el Presidente y la UIA dio un paso m\u00e1s hacia el distanciamiento<\/strong>, ya que el propio mandatario habl\u00f3 en ese acto luego de Funes y lanz\u00f3 varios puntapi\u00e9s directos a todo el sector. Afirm\u00f3 que &#8220;la industria qued\u00f3 subordinada a la sobreprotecci\u00f3n del Estado&#8221;, se\u00f1al\u00f3 que ese fue &#8220;uno de los or\u00edgenes de nuestras crisis econ\u00f3micas&#8221; e incluso lleg\u00f3 a decir, cara a cara con los empresarios fabriles,&nbsp;que<strong>&nbsp;<\/strong>\u201c<strong>para proteger a la industria, se le rob\u00f3 al campo<\/strong>, afectando nuestro potencial exportador\u201d.<\/p>\n\n\n\n<h2 class=\"wp-block-heading\">La profundizaci\u00f3n de la crisis, las cr\u00edticas y los reclamos<\/h2>\n\n\n\n<p>Poco despu\u00e9s de lo que fue poco menos que una burla de parte del jefe de Estado,&nbsp;<strong>la UIA comenz\u00f3 a mostrar un tono abiertamente m\u00e1s cr\u00edtico para con el Gobierno<\/strong>. En noviembre de 2024, durante la&nbsp;<strong>Conferencia Anual&nbsp;<\/strong>de la entidad,&nbsp;<strong>Funes de Rioja<\/strong>&nbsp;ironiz\u00f3 sobre el faltazo de&nbsp;<strong>Milei&nbsp;<\/strong>y&nbsp;<strong>Luis Caputo&nbsp;<\/strong>al se\u00f1alar que no hab\u00eda un &#8220;vaciamiento&#8221; del encuentro por estar &#8220;plenos de representaci\u00f3n empresaria&#8221;.<\/p>\n\n\n\n<p>En esa jornada,&nbsp;<strong>Rappallini&nbsp;<\/strong>mostr\u00f3 que&nbsp;tambi\u00e9n comenzaba a pesar la&nbsp;<strong>preocupaci\u00f3n por la desregulaci\u00f3n sin miramientos y la apertura comercial<\/strong>.&nbsp;\u201cLos industriales no pedimos protecci\u00f3n,&nbsp;<strong>queremos igualdad de condiciones para poder competir<\/strong>\u201d, cuestion\u00f3 al respecto.<\/p>\n\n\n\n<p>Luego, en el&nbsp;<strong>D\u00eda de la Industria 2025<\/strong>, el propio&nbsp;<strong>Rappallini<\/strong>, ya como presidente de la entidad,&nbsp;<strong>le reclam\u00f3 al Gobierno &#8220;tener una pol\u00edtica industrial&#8221;&nbsp;<\/strong>y present\u00f3 un dec\u00e1logo con los que deb\u00edan ser sus principales puntos.<\/p>\n\n\n\n<p>Para ese momento parec\u00eda que lo peor ya hab\u00eda pasado, dado que la industria acumulaba el crecimiento constante del primer semestre del a\u00f1o. As\u00ed y todo, la&nbsp;<strong>UIA&nbsp;<\/strong>manifest\u00f3 ese d\u00eda su&nbsp;<strong>&#8220;preocupaci\u00f3n en el corto plazo por tres cuestiones centrales&#8221;<\/strong>, y subray\u00f3 la<strong>&nbsp;&#8220;falta de recuperaci\u00f3n de amplios sectores de la industria&#8221;<\/strong>, los&nbsp;<strong>altos &#8220;niveles de tasas de inter\u00e9s&#8221;<\/strong>&nbsp;y &#8220;<strong>la velocidad en la apertura econ\u00f3mica sin resolver antes las distorsiones estructurales&#8221;<\/strong>.<\/p>\n\n\n\n<p>En otras palabras, la entidad pas\u00f3 a entender que la estabilizaci\u00f3n por s\u00ed misma no alcanza, y admiti\u00f3 no solo la falta de un plan oficial para el sector, sino que&nbsp;<strong>las propias acciones del Gobierno perjudican al sector.<\/strong><\/p>\n\n\n\n<p>Esto se hizo evidente durante los \u00faltimos meses. En marzo, la&nbsp;<strong>UIA&nbsp;<\/strong>le respondi\u00f3 directamente a&nbsp;<strong>Milei&nbsp;<\/strong>por sus&nbsp;<strong>cr\u00edticas a los empresarios&nbsp;<\/strong>durante la Argentina Week en Nueva York, que calific\u00f3 en un comunicado como un<strong>&nbsp;&#8220;agravio injusto&#8221;<\/strong>. En mayo,&nbsp;<strong>pidi\u00f3 abiertamente un &#8220;RIGI industrial&#8221;<\/strong>, un cuestionamiento indirecto al RIGI vigente por &#8220;desnivelar la cancha&#8221;.<\/p>\n\n\n\n<p>En junio, ya ca\u00edda de la actividad sectorial y la crisis del bolsillo se hizo inocultable para la entidad, por lo que Rappallini pidi\u00f3&nbsp;<strong>&#8220;motivar el consumo y generar condiciones para que haya cr\u00e9dito, para que todos los sectores que est\u00e1n rezagados vuelvan a reactivarse\u201d.<\/strong><\/p>\n\n\n\n<p>El derrotero no es casual, sino que se da en el contexto de la&nbsp;<strong>progresiva profundizaci\u00f3n de la ca\u00edda del sector.<\/strong>&nbsp;Seg\u00fan&nbsp;<strong>IERAL<\/strong>, acumula un 4,1% de desplome entre noviembre de 2023 y abril de 2026, una cifra que se agrava quitando la suba de la energ\u00eda y que alcanza dos d\u00edgitos en rubros como el automotriz, el textil o los bienes de capital.<\/p>\n\n\n\n<p>Aunque los \u00faltimos datos oficiales son de junio,&nbsp;<strong>Diego Coatz<\/strong>, titular de la consultora I+D y exdirector Ejecutivo de la UIA, alerta a&nbsp;<em><strong>El Destape<\/strong><\/em>&nbsp;que, en julio, la actividad sectorial &#8220;va a estar igual o apenas abajo&#8221; frente a un p\u00e9simo mismo mes del a\u00f1o anterior, y agreg\u00f3 que &#8220;la tendencia es al estancamiento&#8221;. As\u00ed,&nbsp;mientras la el sector cay\u00f3 en 10 de los \u00faltimos 12 meses, ya son 97.000 los puestos de trabajo sectoriales perdidos desde la asunci\u00f3n de&nbsp;<strong>Javier Milei<\/strong>.<\/p>\n","protected":false},"excerpt":{"rendered":"<p>La visi\u00f3n que la\u00a0Uni\u00f3n Industrial Argentina\u00a0ha tenido del gobierno de\u00a0Javier Milei\u00a0no fue\u00a0siempre la misma. Si\u00a0comenz\u00f3 con un apoyo expl\u00edcito frente a la ilusi\u00f3n de la estabilizaci\u00f3n econ\u00f3mica, el tiempo hizo que predominasen las cr\u00edticas y los reclamos, como sucedi\u00f3 en el discurso del\u00a0D\u00eda de la Industria\u00a0de hoy. Un deterioro\u00a0que, como no pod\u00eda ser de otra [&hellip;]<\/p>\n","protected":false},"author":1,"featured_media":25285,"comment_status":"closed","ping_status":"open","sticky":false,"template":"","format":"standard","meta":{"site-sidebar-layout":"default","site-content-layout":"","ast-site-content-layout":"default","site-content-style":"default","site-sidebar-style":"default","ast-global-header-display":"","ast-banner-title-visibility":"","ast-main-header-display":"","ast-hfb-above-header-display":"","ast-hfb-below-header-display":"","ast-hfb-mobile-header-display":"","site-post-title":"","ast-breadcrumbs-content":"","ast-featured-img":"","footer-sml-layout":"","ast-disable-related-posts":"","theme-transparent-header-meta":"","adv-header-id-meta":"","stick-header-meta":"","header-above-stick-meta":"","header-main-stick-meta":"","header-below-stick-meta":"","astra-migrate-meta-layouts":"set","ast-page-background-enabled":"default","ast-page-background-meta":{"desktop":{"background-color":"var(--ast-global-color-4)","background-image":"","background-repeat":"repeat","background-position":"center center","background-size":"auto","background-attachment":"scroll","background-type":"","background-media":"","overlay-type":"","overlay-color":"","overlay-opacity":"","overlay-gradient":""},"tablet":{"background-color":"","background-image":"","background-repeat":"repeat","background-position":"center center","background-size":"auto","background-attachment":"scroll","background-type":"","background-media":"","overlay-type":"","overlay-color":"","overlay-opacity":"","overlay-gradient":""},"mobile":{"background-color":"","background-image":"","background-repeat":"repeat","background-position":"center center","background-size":"auto","background-attachment":"scroll","background-type":"","background-media":"","overlay-type":"","overlay-color":"","overlay-opacity":"","overlay-gradient":""}},"ast-content-background-meta":{"desktop":{"background-color":"var(--ast-global-color-5)","background-image":"","background-repeat":"repeat","background-position":"center center","background-size":"auto","background-attachment":"scroll","background-type":"","background-media":"","overlay-type":"","overlay-color":"","overlay-opacity":"","overlay-gradient":""},"tablet":{"background-color":"var(--ast-global-color-5)","background-image":"","background-repeat":"repeat","background-position":"center center","background-size":"auto","background-attachment":"scroll","background-type":"","background-media":"","overlay-type":"","overlay-color":"","overlay-opacity":"","overlay-gradient":""},"mobile":{"background-color":"var(--ast-global-color-5)","background-image":"","background-repeat":"repeat","background-position":"center center","background-size":"auto","background-attachment":"scroll","background-type":"","background-media":"","overlay-type":"","overlay-color":"","overlay-opacity":"","overlay-gradient":""}},"footnotes":""},"categories":[1],"tags":[],"class_list":["post-25283","post","type-post","status-publish","format-standard","has-post-thumbnail","hentry","category-sin-categoria"],"_links":{"self":[{"href":"https:\/\/fmsolpeyrano.com\/index.php\/wp-json\/wp\/v2\/posts\/25283","targetHints":{"allow":["GET"]}}],"collection":[{"href":"https:\/\/fmsolpeyrano.com\/index.php\/wp-json\/wp\/v2\/posts"}],"about":[{"href":"https:\/\/fmsolpeyrano.com\/index.php\/wp-json\/wp\/v2\/types\/post"}],"author":[{"embeddable":true,"href":"https:\/\/fmsolpeyrano.com\/index.php\/wp-json\/wp\/v2\/users\/1"}],"replies":[{"embeddable":true,"href":"https:\/\/fmsolpeyrano.com\/index.php\/wp-json\/wp\/v2\/comments?post=25283"}],"version-history":[{"count":1,"href":"https:\/\/fmsolpeyrano.com\/index.php\/wp-json\/wp\/v2\/posts\/25283\/revisions"}],"predecessor-version":[{"id":25286,"href":"https:\/\/fmsolpeyrano.com\/index.php\/wp-json\/wp\/v2\/posts\/25283\/revisions\/25286"}],"wp:featuredmedia":[{"embeddable":true,"href":"https:\/\/fmsolpeyrano.com\/index.php\/wp-json\/wp\/v2\/media\/25285"}],"wp:attachment":[{"href":"https:\/\/fmsolpeyrano.com\/index.php\/wp-json\/wp\/v2\/media?parent=25283"}],"wp:term":[{"taxonomy":"category","embeddable":true,"href":"https:\/\/fmsolpeyrano.com\/index.php\/wp-json\/wp\/v2\/categories?post=25283"},{"taxonomy":"post_tag","embeddable":true,"href":"https:\/\/fmsolpeyrano.com\/index.php\/wp-json\/wp\/v2\/tags?post=25283"}],"curies":[{"name":"wp","href":"https:\/\/api.w.org\/{rel}","templated":true}]}}