{"id":25272,"date":"2026-09-03T10:35:13","date_gmt":"2026-09-03T13:35:13","guid":{"rendered":"https:\/\/fmsolpeyrano.com\/?p=25272"},"modified":"2026-09-03T10:35:13","modified_gmt":"2026-09-03T13:35:13","slug":"pullaro-para-generar-igualdad-no-hay-que-distribuir-plata-hay-que-generar-desarrollo-productivo","status":"publish","type":"post","link":"https:\/\/fmsolpeyrano.com\/index.php\/2026\/09\/03\/pullaro-para-generar-igualdad-no-hay-que-distribuir-plata-hay-que-generar-desarrollo-productivo\/","title":{"rendered":"Pullaro: \u201cPara generar igualdad, no hay que distribuir plata, hay que generar desarrollo productivo\u201d"},"content":{"rendered":"\n<p>El gobernador particip\u00f3 del acto por el D\u00eda de la Industria Argentina en la UISF. Su presidente, Cristian Fiereder, destac\u00f3 las obras, l\u00edneas de financiamiento y beneficios tributarios con los que el Gobierno Provincial respalda a la industria.<\/p>\n\n\n\n<p>Este martes el gobernador Maximiliano Pullaro particip\u00f3 en la ciudad de Santa Fe, del acto por el D\u00eda de la Industria Argentina, que se conmemora cada 2 de septiembre en recuerdo de la primera exportaci\u00f3n registrada del pa\u00eds, realizada en el siglo XVI.<\/p>\n\n\n\n<p>Durante el encuentro, en la sede de la Uni\u00f3n Industrial de Santa Fe (UISF), Pullaro afirm\u00f3: \u201cComo gobernador de esta provincia, me siento muy orgulloso de representarlos y defenderlos. Para este Gobierno, la industria es el principal aliado, porque genera valor agregado y empleo\u201d.<\/p>\n\n\n\n<p>\u201cHoy gobernar es generar empleo y crecimiento econ\u00f3mico, y encontrar las herramientas para que los sectores p\u00fablico y privado puedan trabajar juntos, mostrando que hay una salida posible\u201d, a\u00f1adi\u00f3 el mandatario. Tambi\u00e9n convoc\u00f3 a defender \u201cnuestra identidad productiva y a la provincia de Santa Fe\u201d.<\/p>\n\n\n\n<p>\u201cUna industria que cae no se puede reemplazar: detr\u00e1s hay personas, recursos e inversiones de a\u00f1os para sostener un proceso productivo. Es mucho m\u00e1s que una empresa\u201d, sostuvo Pullaro. Para el gobernador, defender la actividad industrial supone preservar el conocimiento acumulado, la capacidad de producir y los puestos de trabajo vinculados a cada empresa.<\/p>\n\n\n\n<p>Luego remarc\u00f3 que el mundo demanda alimentos, energ\u00eda y minerales, bienes que Argentina puede ofrecer. En ese marco, se\u00f1al\u00f3 que, junto con los d\u00f3lares que generan la industria y el campo, se abren nuevas oportunidades para el desarrollo nacional.<\/p>\n\n\n\n<p>Al referirse a los modelos de pa\u00eds en discusi\u00f3n, cuestion\u00f3 tanto al populismo, que \u201ctermina dilapidando los recursos del Estado y tiene una matriz de corrupci\u00f3n\u201d, como a las posturas que proponen liberalizarlo todo y dejar que el mercado regule. \u201cNo creo en ninguno de los dos. Apostemos al desarrollo del pa\u00eds, a tener mejores rutas y una mejor matriz energ\u00e9tica\u201d, plante\u00f3.<\/p>\n\n\n\n<p>Pullaro record\u00f3 las obras que ejecuta la Provincia -gasoductos, rutas y mejoras en puertos y aeropuertos-, as\u00ed como el acompa\u00f1amiento a las industrias y pymes en ferias internacionales y el acceso a l\u00edneas de financiamiento con entidades p\u00fablicas y privadas.<\/p>\n\n\n\n<p>\u201cVan a venir realmente buenos tiempos. Hicimos todos los deberes: bajamos el costo del Estado y de la obra p\u00fablica, reducimos impuestos y, al mismo tiempo, prestamos mejores servicios. Para generar igualdad, no hay que distribuir plata; hay que generar desarrollo productivo\u201d, concluy\u00f3.<\/p>\n\n\n\n<figure class=\"wp-block-image\"><img decoding=\"async\" src=\"https:\/\/www.santafe.gob.ar\/noticias\/recursos\/fotos\/2026\/09\/2026-09-02NID_287194O_2.jpeg\" alt=\"\"\/><\/figure>\n\n\n\n<p><strong>Empleo, infraestructura y competitividad<\/strong><\/p>\n\n\n\n<p>El presidente de la UISF, Cristian Fiereder, valor\u00f3 la presencia de industriales, representantes del Gobierno provincial y dirigentes pol\u00edticos. \u201cEs un mensaje fuerte: pensamos en generar empleo\u201d, dijo. Adem\u00e1s, destac\u00f3 que el respaldo de la Provincia se expresa en medidas concretas para sostener la producci\u00f3n y mejorar la competitividad de las empresas.<\/p>\n\n\n\n<p>Fiereder record\u00f3 que desde hace m\u00e1s de una d\u00e9cada el sector reclamaba la ejecuci\u00f3n de Los Pol\u00edgonos. En ese sentido, agradeci\u00f3 a la Provincia por financiar las obras y al municipio por el acompa\u00f1amiento brindado a los propietarios de los terrenos.<\/p>\n\n\n\n<p>Tambi\u00e9n valor\u00f3 la Mesa Tributaria, en la que los sectores p\u00fablico y privado trabajan cada a\u00f1o sobre la ley tributaria y los beneficios impositivos para las industrias. A ello sum\u00f3 el plan de obra p\u00fablica \u201cimpulsado por el Gobierno Provincial, que ha sabido administrar eficientemente sus recursos en un contexto dif\u00edcil\u201d.<\/p>\n\n\n\n<p>Por \u00faltimo, subray\u00f3 la importancia del Santa Fe Business Forum frente a los desaf\u00edos internacionales y se\u00f1al\u00f3 que varias empresas participan de ese encuentro en Rosario. Asimismo, mencion\u00f3 el trabajo de la Mesa de Gas, Petr\u00f3leo y Miner\u00eda y los acuerdos suscriptos con Chubut, Neuqu\u00e9n y San Juan.<\/p>\n\n\n\n<p>El intendente de Santa Fe, Juan Pablo Poletti, puso en valor el sentido de pertenencia de una industria local mayormente familiar y ratific\u00f3 el compromiso municipal de trabajar en la creaci\u00f3n de Pol\u00edgonos II.<\/p>\n\n\n\n<p>Participaron del acto la diputada nacional y exvicegobernadora Gisela Scaglia; los intendentes de Santa Fe Juan Pablo Poletti y de Recreo Omar Colombo; la presidenta de la C\u00e1mara de Diputadas y Diputados, Clara Garc\u00eda; el diputado nacional Pablo Far\u00edas; el senador Paco Garibaldi; el presidente de la Federaci\u00f3n Industrial de Santa Fe, Javier Mart\u00edn; ministros y secretarios del Poder Ejecutivo, legisladores provinciales y concejales.<\/p>\n\n\n\n<figure class=\"wp-block-image\"><img decoding=\"async\" src=\"https:\/\/www.santafe.gob.ar\/noticias\/recursos\/fotos\/2026\/09\/2026-09-02NID_287194O_3.jpeg\" alt=\"\"\/><\/figure>\n\n\n\n<figure class=\"wp-block-image\"><img decoding=\"async\" src=\"https:\/\/www.santafe.gob.ar\/noticias\/recursos\/fotos\/2026\/09\/2026-09-02NID_287194O_4.jpeg\" alt=\"\"\/><\/figure>\n","protected":false},"excerpt":{"rendered":"<p>El gobernador particip\u00f3 del acto por el D\u00eda de la Industria Argentina en la UISF. Su presidente, Cristian Fiereder, destac\u00f3 las obras, l\u00edneas de financiamiento y beneficios tributarios con los que el Gobierno Provincial respalda a la industria. Este martes el gobernador Maximiliano Pullaro particip\u00f3 en la ciudad de Santa Fe, del acto por el [&hellip;]<\/p>\n","protected":false},"author":1,"featured_media":25273,"comment_status":"closed","ping_status":"open","sticky":false,"template":"","format":"standard","meta":{"site-sidebar-layout":"default","site-content-layout":"","ast-site-content-layout":"default","site-content-style":"default","site-sidebar-style":"default","ast-global-header-display":"","ast-banner-title-visibility":"","ast-main-header-display":"","ast-hfb-above-header-display":"","ast-hfb-below-header-display":"","ast-hfb-mobile-header-display":"","site-post-title":"","ast-breadcrumbs-content":"","ast-featured-img":"","footer-sml-layout":"","ast-disable-related-posts":"","theme-transparent-header-meta":"","adv-header-id-meta":"","stick-header-meta":"","header-above-stick-meta":"","header-main-stick-meta":"","header-below-stick-meta":"","astra-migrate-meta-layouts":"set","ast-page-background-enabled":"default","ast-page-background-meta":{"desktop":{"background-color":"var(--ast-global-color-4)","background-image":"","background-repeat":"repeat","background-position":"center center","background-size":"auto","background-attachment":"scroll","background-type":"","background-media":"","overlay-type":"","overlay-color":"","overlay-opacity":"","overlay-gradient":""},"tablet":{"background-color":"","background-image":"","background-repeat":"repeat","background-position":"center center","background-size":"auto","background-attachment":"scroll","background-type":"","background-media":"","overlay-type":"","overlay-color":"","overlay-opacity":"","overlay-gradient":""},"mobile":{"background-color":"","background-image":"","background-repeat":"repeat","background-position":"center center","background-size":"auto","background-attachment":"scroll","background-type":"","background-media":"","overlay-type":"","overlay-color":"","overlay-opacity":"","overlay-gradient":""}},"ast-content-background-meta":{"desktop":{"background-color":"var(--ast-global-color-5)","background-image":"","background-repeat":"repeat","background-position":"center center","background-size":"auto","background-attachment":"scroll","background-type":"","background-media":"","overlay-type":"","overlay-color":"","overlay-opacity":"","overlay-gradient":""},"tablet":{"background-color":"var(--ast-global-color-5)","background-image":"","background-repeat":"repeat","background-position":"center center","background-size":"auto","background-attachment":"scroll","background-type":"","background-media":"","overlay-type":"","overlay-color":"","overlay-opacity":"","overlay-gradient":""},"mobile":{"background-color":"var(--ast-global-color-5)","background-image":"","background-repeat":"repeat","background-position":"center center","background-size":"auto","background-attachment":"scroll","background-type":"","background-media":"","overlay-type":"","overlay-color":"","overlay-opacity":"","overlay-gradient":""}},"footnotes":""},"categories":[1],"tags":[],"class_list":["post-25272","post","type-post","status-publish","format-standard","has-post-thumbnail","hentry","category-sin-categoria"],"_links":{"self":[{"href":"https:\/\/fmsolpeyrano.com\/index.php\/wp-json\/wp\/v2\/posts\/25272","targetHints":{"allow":["GET"]}}],"collection":[{"href":"https:\/\/fmsolpeyrano.com\/index.php\/wp-json\/wp\/v2\/posts"}],"about":[{"href":"https:\/\/fmsolpeyrano.com\/index.php\/wp-json\/wp\/v2\/types\/post"}],"author":[{"embeddable":true,"href":"https:\/\/fmsolpeyrano.com\/index.php\/wp-json\/wp\/v2\/users\/1"}],"replies":[{"embeddable":true,"href":"https:\/\/fmsolpeyrano.com\/index.php\/wp-json\/wp\/v2\/comments?post=25272"}],"version-history":[{"count":1,"href":"https:\/\/fmsolpeyrano.com\/index.php\/wp-json\/wp\/v2\/posts\/25272\/revisions"}],"predecessor-version":[{"id":25274,"href":"https:\/\/fmsolpeyrano.com\/index.php\/wp-json\/wp\/v2\/posts\/25272\/revisions\/25274"}],"wp:featuredmedia":[{"embeddable":true,"href":"https:\/\/fmsolpeyrano.com\/index.php\/wp-json\/wp\/v2\/media\/25273"}],"wp:attachment":[{"href":"https:\/\/fmsolpeyrano.com\/index.php\/wp-json\/wp\/v2\/media?parent=25272"}],"wp:term":[{"taxonomy":"category","embeddable":true,"href":"https:\/\/fmsolpeyrano.com\/index.php\/wp-json\/wp\/v2\/categories?post=25272"},{"taxonomy":"post_tag","embeddable":true,"href":"https:\/\/fmsolpeyrano.com\/index.php\/wp-json\/wp\/v2\/tags?post=25272"}],"curies":[{"name":"wp","href":"https:\/\/api.w.org\/{rel}","templated":true}]}}