{"id":25251,"date":"2026-09-01T18:40:21","date_gmt":"2026-09-01T21:40:21","guid":{"rendered":"https:\/\/fmsolpeyrano.com\/?p=25251"},"modified":"2026-09-01T18:40:21","modified_gmt":"2026-09-01T21:40:21","slug":"residencias-de-la-salud-a-partir-del-sistema-impulsado-por-pullaro-se-suman-136-ingresantes-a-hospitales-publicos-provinciales","status":"publish","type":"post","link":"https:\/\/fmsolpeyrano.com\/index.php\/2026\/09\/01\/residencias-de-la-salud-a-partir-del-sistema-impulsado-por-pullaro-se-suman-136-ingresantes-a-hospitales-publicos-provinciales\/","title":{"rendered":"Residencias de la Salud: a partir del sistema impulsado por Pullaro se suman 136 ingresantes a hospitales p\u00fablicos provinciales"},"content":{"rendered":"\n<p>Este martes se realiz\u00f3 en Rosario el acto de bienvenida a los nuevos residentes que se formar\u00e1n en el sur provincial. En total, son 136 los ingresantes que se incorporan a 17 efectores p\u00fablicos provinciales, de 11 localidades de la provincia.<\/p>\n\n\n\n<p>La Provincia de Santa Fe dio la bienvenida este martes a nuevos residentes, que iniciar\u00e1n su formaci\u00f3n en servicio en hospitales provinciales, con rotaciones por distintos niveles de complejidad del sistema p\u00fablico de salud.<br><br>El acto, realizado en Rosario, fue encabezado por la ministra de Salud, Silvia Ciancio. Durante la jornada tambi\u00e9n se entregaron certificados a 228 residentes que finalizaron su formaci\u00f3n en servicio en efectores p\u00fablicos.<br><br>\u201cHay un esfuerzo de much\u00edsima gente que tom\u00f3 la posta para crear el sistema de formaci\u00f3n en servicio de la Provincia de Santa Fe, tras el retiro del gobierno nacional que hab\u00eda financiado hist\u00f3ricamente la formaci\u00f3n en servicio. Primero contamos con la decisi\u00f3n pol\u00edtica del gobernador Maximiliano Pullaro; y a partir de eso, convocamos a la Mesa Interinstitucional que lo pudo realizar\u201d, se\u00f1al\u00f3 Ciancio sobre el espacio que se conform\u00f3 junto a las universidades nacionales del Litoral y de Rosario, el Colegio de M\u00e9dicos -a trav\u00e9s de sus dos circunscripciones- y la Secretar\u00eda de Salud P\u00fablica de la Municipalidad de Rosario. En esta l\u00ednea, la ministra destac\u00f3 el trabajo realizado para sostener el proceso de formaci\u00f3n y la organizaci\u00f3n del examen de ingreso. \u201cNo llegamos sin esfuerzos, sin dudas ni inconvenientes, pero con un examen y una organizaci\u00f3n que fue ejemplar en todo el pa\u00eds, a partir de un espacio interinstitucional\u201d, afirm\u00f3.<br><br><img decoding=\"async\" alt=\"\" src=\"https:\/\/www.santafe.gob.ar\/noticias\/recursos\/fotos\/2026\/09\/2026-09-01NID_287179O_2.jpeg\"><\/p>\n\n\n\n<p><strong>Una formaci\u00f3n que combina conocimiento y experiencia<\/strong><br>A su turno, el secretario de Gesti\u00f3n y Fortalecimiento Institucional, Gonzalo Chiesa, puso en valor tanto el trayecto de quienes finalizaron su residencia como la oportunidad que comienzan los nuevos ingresantes. \u201cEse proceso no implica solamente un contenido te\u00f3rico, conceptual, sino que tambi\u00e9n se encuentra con una experiencia y v\u00ednculos que hacen a la formaci\u00f3n de un ciudadano, de un profesional y que muchas veces se sostienen m\u00e1s all\u00e1 de la residencia\u201d, sostuvo.<br><br>El funcionario destac\u00f3 adem\u00e1s el crecimiento de la participaci\u00f3n en los \u00faltimos tres a\u00f1os. \u201cEmpezamos con 972 inscriptos en 2024 y este a\u00f1o fueron 1.865, con el 92% de las plazas de los efectores provinciales cubiertas hasta hoy, cuando resta todav\u00eda una instancia de readjudicaci\u00f3n\u201d, subray\u00f3.<br><br>Chiesa se\u00f1al\u00f3 que la continuidad del sistema fue una decisi\u00f3n pol\u00edtica del gobernador y de la ministra de Salud, y destac\u00f3 tambi\u00e9n el trabajo realizado junto a las instituciones que participan del proceso. \u201cLa experiencia de este a\u00f1o nos muestra que vamos por un buen camino\u201d, afirm\u00f3.&nbsp;<br><br>Asimismo, precis\u00f3 que el sistema de residencias representa \u201cuna inversi\u00f3n enorme, de 2.400 millones de pesos por mes\u201d, para brindar una oportunidad de formaci\u00f3n con calidad y, \u201cpor sobre todas las cosas, calidad humana\u201d.<br><br><img decoding=\"async\" alt=\"\" src=\"https:\/\/www.santafe.gob.ar\/noticias\/recursos\/fotos\/2026\/09\/2026-09-01NID_287179O_3.jpeg\"><\/p>\n\n\n\n<p><strong>El trabajo conjunto para sostener las Residencias<\/strong><br>Por su parte, el presidente del Colegio de M\u00e9dicos, 2da circunscripci\u00f3n, Alberto Tuninetti felicit\u00f3 a quienes finalizaron su formaci\u00f3n y a quienes eligieron iniciar una residencia. \u201cConsideramos que es la mejor formaci\u00f3n que pueden recibir porque es acompa\u00f1ada, supervisada por alguien con m\u00e1s experiencia\u201d, sostuvo.<br><br>El presidente del Colegio de M\u00e9dicos destac\u00f3 la calidad de la formaci\u00f3n en la provincia y llam\u00f3 a los nuevos profesionales a sostener una mirada humana en la pr\u00e1ctica. \u201cEs importante la empat\u00eda en salud, no olvidarnos que detr\u00e1s de cada paciente hay una vida, hay personas\u201d, afirm\u00f3.<br><br>Luego del acto, los nuevos residentes participaron de una primera instancia de formaci\u00f3n destinada a conocer la organizaci\u00f3n y el funcionamiento del sistema de salud p\u00fablica provincial, sus pol\u00edticas, la estructura de la red y el rol que cumplen sus distintos niveles de atenci\u00f3n, como parte del recorrido formativo que iniciaron hoy.<br><br>La jornada cont\u00f3 con el secretario de Tercer Nivel de Atenci\u00f3n, C\u00e9sar Pauloni; la directora de Residencias de la Salud, Gabriela Garc\u00eda; el director de Gesti\u00f3n del Conocimiento, Pablo Fern\u00e1ndez; y el coordinador del \u00c1rea de Formaci\u00f3n de Postgrado de la Secretar\u00eda de Salud P\u00fablica de la Municipalidad de Rosario, Ignacio G\u00f3mez, entre otros.<br><br><img decoding=\"async\" alt=\"\" src=\"https:\/\/www.santafe.gob.ar\/noticias\/recursos\/fotos\/2026\/09\/2026-09-01NID_287179O_4.jpeg\"><\/p>\n","protected":false},"excerpt":{"rendered":"<p>Este martes se realiz\u00f3 en Rosario el acto de bienvenida a los nuevos residentes que se formar\u00e1n en el sur provincial. En total, son 136 los ingresantes que se incorporan a 17 efectores p\u00fablicos provinciales, de 11 localidades de la provincia. La Provincia de Santa Fe dio la bienvenida este martes a nuevos residentes, que [&hellip;]<\/p>\n","protected":false},"author":1,"featured_media":25252,"comment_status":"closed","ping_status":"open","sticky":false,"template":"","format":"standard","meta":{"site-sidebar-layout":"default","site-content-layout":"","ast-site-content-layout":"default","site-content-style":"default","site-sidebar-style":"default","ast-global-header-display":"","ast-banner-title-visibility":"","ast-main-header-display":"","ast-hfb-above-header-display":"","ast-hfb-below-header-display":"","ast-hfb-mobile-header-display":"","site-post-title":"","ast-breadcrumbs-content":"","ast-featured-img":"","footer-sml-layout":"","ast-disable-related-posts":"","theme-transparent-header-meta":"","adv-header-id-meta":"","stick-header-meta":"","header-above-stick-meta":"","header-main-stick-meta":"","header-below-stick-meta":"","astra-migrate-meta-layouts":"set","ast-page-background-enabled":"default","ast-page-background-meta":{"desktop":{"background-color":"var(--ast-global-color-4)","background-image":"","background-repeat":"repeat","background-position":"center center","background-size":"auto","background-attachment":"scroll","background-type":"","background-media":"","overlay-type":"","overlay-color":"","overlay-opacity":"","overlay-gradient":""},"tablet":{"background-color":"","background-image":"","background-repeat":"repeat","background-position":"center center","background-size":"auto","background-attachment":"scroll","background-type":"","background-media":"","overlay-type":"","overlay-color":"","overlay-opacity":"","overlay-gradient":""},"mobile":{"background-color":"","background-image":"","background-repeat":"repeat","background-position":"center center","background-size":"auto","background-attachment":"scroll","background-type":"","background-media":"","overlay-type":"","overlay-color":"","overlay-opacity":"","overlay-gradient":""}},"ast-content-background-meta":{"desktop":{"background-color":"var(--ast-global-color-5)","background-image":"","background-repeat":"repeat","background-position":"center center","background-size":"auto","background-attachment":"scroll","background-type":"","background-media":"","overlay-type":"","overlay-color":"","overlay-opacity":"","overlay-gradient":""},"tablet":{"background-color":"var(--ast-global-color-5)","background-image":"","background-repeat":"repeat","background-position":"center center","background-size":"auto","background-attachment":"scroll","background-type":"","background-media":"","overlay-type":"","overlay-color":"","overlay-opacity":"","overlay-gradient":""},"mobile":{"background-color":"var(--ast-global-color-5)","background-image":"","background-repeat":"repeat","background-position":"center center","background-size":"auto","background-attachment":"scroll","background-type":"","background-media":"","overlay-type":"","overlay-color":"","overlay-opacity":"","overlay-gradient":""}},"footnotes":""},"categories":[1],"tags":[],"class_list":["post-25251","post","type-post","status-publish","format-standard","has-post-thumbnail","hentry","category-sin-categoria"],"_links":{"self":[{"href":"https:\/\/fmsolpeyrano.com\/index.php\/wp-json\/wp\/v2\/posts\/25251","targetHints":{"allow":["GET"]}}],"collection":[{"href":"https:\/\/fmsolpeyrano.com\/index.php\/wp-json\/wp\/v2\/posts"}],"about":[{"href":"https:\/\/fmsolpeyrano.com\/index.php\/wp-json\/wp\/v2\/types\/post"}],"author":[{"embeddable":true,"href":"https:\/\/fmsolpeyrano.com\/index.php\/wp-json\/wp\/v2\/users\/1"}],"replies":[{"embeddable":true,"href":"https:\/\/fmsolpeyrano.com\/index.php\/wp-json\/wp\/v2\/comments?post=25251"}],"version-history":[{"count":1,"href":"https:\/\/fmsolpeyrano.com\/index.php\/wp-json\/wp\/v2\/posts\/25251\/revisions"}],"predecessor-version":[{"id":25253,"href":"https:\/\/fmsolpeyrano.com\/index.php\/wp-json\/wp\/v2\/posts\/25251\/revisions\/25253"}],"wp:featuredmedia":[{"embeddable":true,"href":"https:\/\/fmsolpeyrano.com\/index.php\/wp-json\/wp\/v2\/media\/25252"}],"wp:attachment":[{"href":"https:\/\/fmsolpeyrano.com\/index.php\/wp-json\/wp\/v2\/media?parent=25251"}],"wp:term":[{"taxonomy":"category","embeddable":true,"href":"https:\/\/fmsolpeyrano.com\/index.php\/wp-json\/wp\/v2\/categories?post=25251"},{"taxonomy":"post_tag","embeddable":true,"href":"https:\/\/fmsolpeyrano.com\/index.php\/wp-json\/wp\/v2\/tags?post=25251"}],"curies":[{"name":"wp","href":"https:\/\/api.w.org\/{rel}","templated":true}]}}