{"id":25246,"date":"2026-09-01T11:07:33","date_gmt":"2026-09-01T14:07:33","guid":{"rendered":"https:\/\/fmsolpeyrano.com\/?p=25246"},"modified":"2026-09-01T11:07:33","modified_gmt":"2026-09-01T14:07:33","slug":"lionel-messi-anuncio-su-retiro-de-la-seleccion-argentina-duele-en-el-alma-pero-es-el-momento","status":"publish","type":"post","link":"https:\/\/fmsolpeyrano.com\/index.php\/2026\/09\/01\/lionel-messi-anuncio-su-retiro-de-la-seleccion-argentina-duele-en-el-alma-pero-es-el-momento\/","title":{"rendered":"Lionel Messi anunci\u00f3 su retiro de la Selecci\u00f3n argentina: \u201cDuele en el alma, pero es el momento&#8221;"},"content":{"rendered":"\n<p>El astro\u00a0<strong>Lionel Messi<\/strong>\u00a0conmocion\u00f3 al f\u00fatbol mundial al anunciar su retiro de la\u00a0<strong>Selecci\u00f3n argentina<\/strong>, a casi un mes y medio de la final del\u00a0<strong>Mundial 2026<\/strong>.<\/p>\n\n\n\n<p>Messi realiz\u00f3 el anuncio a trav\u00e9s de una sentida carta en sus redes sociales, en la que reconoci\u00f3 que &#8220;<strong>fue una decisi\u00f3n que doli\u00f3 y duele en el alma<\/strong>&#8220;.&nbsp;<strong>&#8220;Despu\u00e9s de este tiempo que pas\u00f3 desde la final, pens\u00e1ndolo mucho, quiero comunicarles a todos que me retiro de la Selecci\u00f3n<\/strong>&#8220;, comenz\u00f3 el comunicado con el que dej\u00f3 en shock a todos los fan\u00e1ticos del f\u00fatbol.<\/p>\n\n\n\n<figure class=\"wp-block-image size-full is-resized\"><img fetchpriority=\"high\" decoding=\"async\" width=\"700\" height=\"390\" src=\"https:\/\/fmsolpeyrano.com\/wp-content\/uploads\/2026\/09\/5.jpg\" alt=\"\" class=\"wp-image-25248\" style=\"width:888px;height:auto\" srcset=\"https:\/\/fmsolpeyrano.com\/wp-content\/uploads\/2026\/09\/5.jpg 700w, https:\/\/fmsolpeyrano.com\/wp-content\/uploads\/2026\/09\/5-300x167.jpg 300w\" sizes=\"(max-width: 700px) 100vw, 700px\" \/><\/figure>\n\n\n\n\n\n<p>En el mismo, confes\u00f3: &#8220;Fue una decisi\u00f3n que doli\u00f3 y duele en el alma, pero entiendo que es el momento. Les juro que siempre dej\u00e9 todo, no solo los \u00faltimos a\u00f1os que se gan\u00f3 todo antes y tambi\u00e9n y siempre pele\u00e9 y me dej\u00e9 todo por esta camiseta, por darles alegr\u00edas y hacer que se sientan orgullosos de ser argentinos a trav\u00e9s del f\u00fatbol&#8221;.<\/p>\n\n\n\n<p>Por otra parte, expres\u00f3: &#8220;Queda poco y se van cerrando etapas y esta es una que me duele mucho. Amo, am\u00e9 y amar\u00e9 siempre estar en la Selecci\u00f3n. Me vaci\u00e9, ya no tengo m\u00e1s para dar y aparte vienen chicos muy grandes atr\u00e1s que merecen estar&#8221;.<\/p>\n\n\n\n<figure class=\"wp-block-image size-full is-resized\"><img decoding=\"async\" width=\"700\" height=\"390\" src=\"https:\/\/fmsolpeyrano.com\/wp-content\/uploads\/2026\/09\/4.jpg\" alt=\"\" class=\"wp-image-25247\" style=\"width:888px;height:auto\" srcset=\"https:\/\/fmsolpeyrano.com\/wp-content\/uploads\/2026\/09\/4.jpg 700w, https:\/\/fmsolpeyrano.com\/wp-content\/uploads\/2026\/09\/4-300x167.jpg 300w\" sizes=\"(max-width: 700px) 100vw, 700px\" \/><\/figure>\n\n\n\n<p>A su vez, agradeci\u00f3: &#8220;Por todo el cari\u00f1o de estos 20 a\u00f1os. Voy a extra\u00f1ar mucho escucharlos desde adentro. Ahora voy a ser uno m\u00e1s de ustedes, alentando y bancando siempre desde afuera (en las buenas y en las malas, mucho m\u00e1s)&#8221;.<\/p>\n\n\n\n<p>Finalmente, le agradeci\u00f3 tambi\u00e9n a su familia &#8220;por estar siempre, por acompa\u00f1arme en este viaje tan hermoso pero dif\u00edcil. Gracias a cada uno de entrenadores, compa\u00f1eros, momentos so\u00f1ados. Fue una locura haberlo vivido con ustedes. \u00a1Los quiero!&#8221;.<\/p>\n\n\n\n<p>&#8220;Me voy con la tranquilidad y el orgullo de haberles regalado, junto con mis compa\u00f1eros, momentos so\u00f1ados. Fue una locura haberlo vivido con ustedes. \u00a1Los quiero! Gracias Dios por hacerme argentino. \u00a1Vamos Argentina!&#8221;, finaliza la carta, sobre la cual revel\u00f3 que &#8220;estas palabras las escrib\u00ed el 21 de julio, dos d\u00edas despu\u00e9s de la final. Hoy despu\u00e9s de lo de mi pap\u00e1, estoy m\u00e1s convencido que antes&#8221;.<\/p>\n\n\n\n<h4 class=\"wp-block-heading\">Agencia NA<\/h4>\n","protected":false},"excerpt":{"rendered":"<p>El astro\u00a0Lionel Messi\u00a0conmocion\u00f3 al f\u00fatbol mundial al anunciar su retiro de la\u00a0Selecci\u00f3n argentina, a casi un mes y medio de la final del\u00a0Mundial 2026. Messi realiz\u00f3 el anuncio a trav\u00e9s de una sentida carta en sus redes sociales, en la que reconoci\u00f3 que &#8220;fue una decisi\u00f3n que doli\u00f3 y duele en el alma&#8220;.&nbsp;&#8220;Despu\u00e9s de este [&hellip;]<\/p>\n","protected":false},"author":1,"featured_media":25249,"comment_status":"closed","ping_status":"open","sticky":false,"template":"","format":"standard","meta":{"site-sidebar-layout":"default","site-content-layout":"","ast-site-content-layout":"default","site-content-style":"default","site-sidebar-style":"default","ast-global-header-display":"","ast-banner-title-visibility":"","ast-main-header-display":"","ast-hfb-above-header-display":"","ast-hfb-below-header-display":"","ast-hfb-mobile-header-display":"","site-post-title":"","ast-breadcrumbs-content":"","ast-featured-img":"","footer-sml-layout":"","ast-disable-related-posts":"","theme-transparent-header-meta":"","adv-header-id-meta":"","stick-header-meta":"","header-above-stick-meta":"","header-main-stick-meta":"","header-below-stick-meta":"","astra-migrate-meta-layouts":"set","ast-page-background-enabled":"default","ast-page-background-meta":{"desktop":{"background-color":"var(--ast-global-color-4)","background-image":"","background-repeat":"repeat","background-position":"center center","background-size":"auto","background-attachment":"scroll","background-type":"","background-media":"","overlay-type":"","overlay-color":"","overlay-opacity":"","overlay-gradient":""},"tablet":{"background-color":"","background-image":"","background-repeat":"repeat","background-position":"center center","background-size":"auto","background-attachment":"scroll","background-type":"","background-media":"","overlay-type":"","overlay-color":"","overlay-opacity":"","overlay-gradient":""},"mobile":{"background-color":"","background-image":"","background-repeat":"repeat","background-position":"center center","background-size":"auto","background-attachment":"scroll","background-type":"","background-media":"","overlay-type":"","overlay-color":"","overlay-opacity":"","overlay-gradient":""}},"ast-content-background-meta":{"desktop":{"background-color":"var(--ast-global-color-5)","background-image":"","background-repeat":"repeat","background-position":"center center","background-size":"auto","background-attachment":"scroll","background-type":"","background-media":"","overlay-type":"","overlay-color":"","overlay-opacity":"","overlay-gradient":""},"tablet":{"background-color":"var(--ast-global-color-5)","background-image":"","background-repeat":"repeat","background-position":"center center","background-size":"auto","background-attachment":"scroll","background-type":"","background-media":"","overlay-type":"","overlay-color":"","overlay-opacity":"","overlay-gradient":""},"mobile":{"background-color":"var(--ast-global-color-5)","background-image":"","background-repeat":"repeat","background-position":"center center","background-size":"auto","background-attachment":"scroll","background-type":"","background-media":"","overlay-type":"","overlay-color":"","overlay-opacity":"","overlay-gradient":""}},"footnotes":""},"categories":[1],"tags":[],"class_list":["post-25246","post","type-post","status-publish","format-standard","has-post-thumbnail","hentry","category-sin-categoria"],"_links":{"self":[{"href":"https:\/\/fmsolpeyrano.com\/index.php\/wp-json\/wp\/v2\/posts\/25246","targetHints":{"allow":["GET"]}}],"collection":[{"href":"https:\/\/fmsolpeyrano.com\/index.php\/wp-json\/wp\/v2\/posts"}],"about":[{"href":"https:\/\/fmsolpeyrano.com\/index.php\/wp-json\/wp\/v2\/types\/post"}],"author":[{"embeddable":true,"href":"https:\/\/fmsolpeyrano.com\/index.php\/wp-json\/wp\/v2\/users\/1"}],"replies":[{"embeddable":true,"href":"https:\/\/fmsolpeyrano.com\/index.php\/wp-json\/wp\/v2\/comments?post=25246"}],"version-history":[{"count":1,"href":"https:\/\/fmsolpeyrano.com\/index.php\/wp-json\/wp\/v2\/posts\/25246\/revisions"}],"predecessor-version":[{"id":25250,"href":"https:\/\/fmsolpeyrano.com\/index.php\/wp-json\/wp\/v2\/posts\/25246\/revisions\/25250"}],"wp:featuredmedia":[{"embeddable":true,"href":"https:\/\/fmsolpeyrano.com\/index.php\/wp-json\/wp\/v2\/media\/25249"}],"wp:attachment":[{"href":"https:\/\/fmsolpeyrano.com\/index.php\/wp-json\/wp\/v2\/media?parent=25246"}],"wp:term":[{"taxonomy":"category","embeddable":true,"href":"https:\/\/fmsolpeyrano.com\/index.php\/wp-json\/wp\/v2\/categories?post=25246"},{"taxonomy":"post_tag","embeddable":true,"href":"https:\/\/fmsolpeyrano.com\/index.php\/wp-json\/wp\/v2\/tags?post=25246"}],"curies":[{"name":"wp","href":"https:\/\/api.w.org\/{rel}","templated":true}]}}