{"id":25239,"date":"2026-09-01T10:51:34","date_gmt":"2026-09-01T13:51:34","guid":{"rendered":"https:\/\/fmsolpeyrano.com\/?p=25239"},"modified":"2026-09-01T10:51:34","modified_gmt":"2026-09-01T13:51:34","slug":"pullaro-santa-fe-paso-de-ser-la-provincia-mas-violenta-a-transformarse-en-la-mas-segura","status":"publish","type":"post","link":"https:\/\/fmsolpeyrano.com\/index.php\/2026\/09\/01\/pullaro-santa-fe-paso-de-ser-la-provincia-mas-violenta-a-transformarse-en-la-mas-segura\/","title":{"rendered":"Pullaro: \u201cSanta Fe pas\u00f3 de ser la provincia m\u00e1s violenta, a transformarse en la m\u00e1s segura\u201d"},"content":{"rendered":"\n<p>Lo afirm\u00f3 el gobernador al participar del 162\u00b0 aniversario de la creaci\u00f3n de la Polic\u00eda de la Provincia de Santa Fe, en Venado Tuerto.<\/p>\n\n\n\n<p>El gobernador Maximiliano Pullaro junto al ministro de Justicia y Seguridad, Pablo Cococcioni, encabezaron este lunes el acto central por el 162\u00b0 aniversario de la creaci\u00f3n de la Polic\u00eda de la Provincia de Santa Fe, en la Plaza San Mart\u00edn de la ciudad de Venado Tuerto.<br><br>La fecha conmemor\u00f3 la entrada en vigencia, el 31 de agosto de 1864, del Reglamento de Polic\u00eda Urbana y Rural, que cre\u00f3 el cargo de jefe de Polic\u00eda en la ciudad capital y estableci\u00f3 su jurisdicci\u00f3n y competencia, constituy\u00e9ndose en un hito fundamental para la organizaci\u00f3n de la fuerza policial provincial.<\/p>\n\n\n\n<p><strong>La provincia m\u00e1s segura<\/strong><br>Durante el acto, Pullaro afirm\u00f3 que \u201cnuestra polic\u00eda lleva adelante la tarea m\u00e1s noble que puede tener un ser humano, que es cuidar la vida y los bienes de los dem\u00e1s. Ustedes lo han hecho con total y absoluta lealtad\u201d. Al mismo tiempo record\u00f3 que cuando asumi\u00f3 el Gobierno provincial \u201cSanta Fe estaba sitiada por el narcotr\u00e1fico, por la violencia y por el delito\u201d y asegur\u00f3 que \u201centendimos que si los poderes del Estado se un\u00edan \u00edbamos a poder darle una lucha frontal al narcotr\u00e1fico, al delito y al crimen organizado\u201d.&nbsp;<br><br>En ese sentido, el mandatario provincial remarc\u00f3 que \u201cel plan dise\u00f1ado lo llevamos adelante con un m\u00e9todo por el cual la violencia se redujo dr\u00e1sticamente en toda la provincia, con Rosario como el lugar m\u00e1s emblem\u00e1tico, con una ca\u00edda superior al 75 % de los homicidios\u201d, mientras el delito provincial se redujo aproximadamente al 20 % de los niveles anteriores. Por ello, inst\u00f3 a mostrar que \u201cSanta Fe dej\u00f3 de ser la provincia m\u00e1s violenta para transformarse a la provincia m\u00e1s segura&#8221;.<br><br><img decoding=\"async\" alt=\"\" src=\"https:\/\/www.santafe.gob.ar\/noticias\/recursos\/fotos\/2026\/08\/2026-08-31NID_287164O_2.jpeg\"><\/p>\n\n\n\n<p><strong>Decisi\u00f3n pol\u00edtica<\/strong><br>Por su parte, Cococcioni puso en valor el plan de reequipamiento que permiti\u00f3 \u201cmodernizar la flota de patrulleros, camionetas, motos y hasta un helic\u00f3ptero\u201d, como as\u00ed tambi\u00e9n \u201cchalecos bal\u00edsticos, uniformes, armamento, municiones\u201d, y valor\u00f3 la realizaci\u00f3n de \u201ccuatro concursos de ascenso para poder terminar esta gesti\u00f3n de gobierno con los ascensos policiales al d\u00eda\u201d.<br><br>El ministro resalt\u00f3 la reducci\u00f3n de homicidios y balaceras extorsivas vinculadas con \u00f3rdenes carcelarias, lo que \u201cpermiti\u00f3 recuperar confianza social y mejorar las condiciones para atraer inversiones, turismo y empleo\u201d, combinado con \u201cla firmeza contra el delito, reglas claras y la construcci\u00f3n de 7.200 plazas penitenciarias, incluida una pr\u00f3xima inauguraci\u00f3n de m\u00e1s de 800 en Recreo, para que los polic\u00edas no sean utilizados en el traslado y custodia de presos y puedan concentrarse en la prevenci\u00f3n callejera\u201d, asegur\u00f3.<br><br>Por \u00faltimo, el funcionario reiter\u00f3 el respaldo a la Polic\u00eda santafesina a partir del \u201cjuicio por jurados ante presuntos delitos cometidos en servicio, adquisici\u00f3n de pistolas Taser y lanzadores Byrna y un proyecto de defensa penal t\u00e9cnica para polic\u00edas y penitenciarios\u201d, reconociendo asimismo que este apoyo no elimina la exigencia de disciplina: \u201cSe proteger\u00e1 a quienes act\u00faen correctamente, pero se separar\u00e1 y sancionar\u00e1 a quienes manchen el uniforme\u201d, atribuyendo los resultados de seguridad \u201cal trabajo cotidiano de los agentes, sus familias y quienes perdieron la vida en cumplimiento del deber\u201d.<br><br>Cabe se\u00f1alar que del acto participaron tambi\u00e9n el ministro de Obras P\u00fablicas, Lisandro Enrico; el intendente de Venado Tuerto, Leonel Chiarella; el jefe de Polic\u00eda de la Provincia, Luis Maldonado; las diputadas provinciales, Leticia Di Gregorio y Sof\u00eda Galnares; el diputado provincial, Leonardo Calaianov; autoridades municipales y concejales.&nbsp;&nbsp;<br><br><img decoding=\"async\" alt=\"\" src=\"https:\/\/www.santafe.gob.ar\/noticias\/recursos\/fotos\/2026\/08\/2026-08-31NID_287164O_3.jpeg\"><\/p>\n\n\n\n<p><strong>Una polic\u00eda profesional que da respuestas<\/strong><br>El jefe de Polic\u00eda, Luis Maldonado, destac\u00f3 a la autoridad policial, a quien consider\u00f3 que \u201csolo es leg\u00edtima cuando se ejerce con decisi\u00f3n, profesionalismo, honestidad, responsabilidad y respeto por las garant\u00edas constitucionales\u201d, reconociendo adem\u00e1s el trabajo de todo el personal policial y sus familias, llamando a que \u201ccada generaci\u00f3n mejore la instituci\u00f3n recibida, se capacite, modernice, responda sin demoras y construya una polic\u00eda profesional, eficiente, honesta y preparada para proteger a todos los santafesinos\u201d.&nbsp;<br><br>El intendente Chiarella, en tanto, agradeci\u00f3 a la Polic\u00eda santafesina por su \u201ccompromiso, patrullaje y sacrificio para proteger a la ciudadan\u00eda\u201d, destacando tambi\u00e9n \u201cel trabajo articulado con autoridades, fiscales y el gobernador Maximiliano Pullaro contra el narcotr\u00e1fico, as\u00ed como el encarcelamiento de l\u00edderes criminales y el fin de la organizaci\u00f3n delictiva desde las c\u00e1rceles\u201d.&nbsp;<br><br>Por \u00faltimo, la diputada Leticia Di Gregorio, puso en valor \u201cel trabajo y la dedicaci\u00f3n de cada uno de los hombres y mujeres de las distintas fuerzas que componen la Polic\u00eda provincial\u201d.<br><br><img decoding=\"async\" alt=\"\" src=\"https:\/\/www.santafe.gob.ar\/noticias\/recursos\/fotos\/2026\/08\/2026-08-31NID_287164O_4.jpeg\"><\/p>\n\n\n\n<figure class=\"wp-block-audio\"><audio controls src=\"https:\/\/fmsolpeyrano.com\/wp-content\/uploads\/2026\/09\/2026-08-31NID_287164O_1.mp3\"><\/audio><\/figure>\n\n\n\n<p class=\"has-ast-global-color-5-color has-luminous-vivid-orange-background-color has-text-color has-background has-link-color wp-elements-cb2954245199d7739b47ad13c4984030\">AUDIO: Gobernador Maximiliano Pullaro<\/p>\n","protected":false},"excerpt":{"rendered":"<p>Lo afirm\u00f3 el gobernador al participar del 162\u00b0 aniversario de la creaci\u00f3n de la Polic\u00eda de la Provincia de Santa Fe, en Venado Tuerto. El gobernador Maximiliano Pullaro junto al ministro de Justicia y Seguridad, Pablo Cococcioni, encabezaron este lunes el acto central por el 162\u00b0 aniversario de la creaci\u00f3n de la Polic\u00eda de la [&hellip;]<\/p>\n","protected":false},"author":1,"featured_media":25241,"comment_status":"closed","ping_status":"open","sticky":false,"template":"","format":"standard","meta":{"site-sidebar-layout":"default","site-content-layout":"","ast-site-content-layout":"default","site-content-style":"default","site-sidebar-style":"default","ast-global-header-display":"","ast-banner-title-visibility":"","ast-main-header-display":"","ast-hfb-above-header-display":"","ast-hfb-below-header-display":"","ast-hfb-mobile-header-display":"","site-post-title":"","ast-breadcrumbs-content":"","ast-featured-img":"","footer-sml-layout":"","ast-disable-related-posts":"","theme-transparent-header-meta":"","adv-header-id-meta":"","stick-header-meta":"","header-above-stick-meta":"","header-main-stick-meta":"","header-below-stick-meta":"","astra-migrate-meta-layouts":"set","ast-page-background-enabled":"default","ast-page-background-meta":{"desktop":{"background-color":"var(--ast-global-color-4)","background-image":"","background-repeat":"repeat","background-position":"center center","background-size":"auto","background-attachment":"scroll","background-type":"","background-media":"","overlay-type":"","overlay-color":"","overlay-opacity":"","overlay-gradient":""},"tablet":{"background-color":"","background-image":"","background-repeat":"repeat","background-position":"center center","background-size":"auto","background-attachment":"scroll","background-type":"","background-media":"","overlay-type":"","overlay-color":"","overlay-opacity":"","overlay-gradient":""},"mobile":{"background-color":"","background-image":"","background-repeat":"repeat","background-position":"center center","background-size":"auto","background-attachment":"scroll","background-type":"","background-media":"","overlay-type":"","overlay-color":"","overlay-opacity":"","overlay-gradient":""}},"ast-content-background-meta":{"desktop":{"background-color":"var(--ast-global-color-5)","background-image":"","background-repeat":"repeat","background-position":"center center","background-size":"auto","background-attachment":"scroll","background-type":"","background-media":"","overlay-type":"","overlay-color":"","overlay-opacity":"","overlay-gradient":""},"tablet":{"background-color":"var(--ast-global-color-5)","background-image":"","background-repeat":"repeat","background-position":"center center","background-size":"auto","background-attachment":"scroll","background-type":"","background-media":"","overlay-type":"","overlay-color":"","overlay-opacity":"","overlay-gradient":""},"mobile":{"background-color":"var(--ast-global-color-5)","background-image":"","background-repeat":"repeat","background-position":"center center","background-size":"auto","background-attachment":"scroll","background-type":"","background-media":"","overlay-type":"","overlay-color":"","overlay-opacity":"","overlay-gradient":""}},"footnotes":""},"categories":[1],"tags":[],"class_list":["post-25239","post","type-post","status-publish","format-standard","has-post-thumbnail","hentry","category-sin-categoria"],"_links":{"self":[{"href":"https:\/\/fmsolpeyrano.com\/index.php\/wp-json\/wp\/v2\/posts\/25239","targetHints":{"allow":["GET"]}}],"collection":[{"href":"https:\/\/fmsolpeyrano.com\/index.php\/wp-json\/wp\/v2\/posts"}],"about":[{"href":"https:\/\/fmsolpeyrano.com\/index.php\/wp-json\/wp\/v2\/types\/post"}],"author":[{"embeddable":true,"href":"https:\/\/fmsolpeyrano.com\/index.php\/wp-json\/wp\/v2\/users\/1"}],"replies":[{"embeddable":true,"href":"https:\/\/fmsolpeyrano.com\/index.php\/wp-json\/wp\/v2\/comments?post=25239"}],"version-history":[{"count":1,"href":"https:\/\/fmsolpeyrano.com\/index.php\/wp-json\/wp\/v2\/posts\/25239\/revisions"}],"predecessor-version":[{"id":25242,"href":"https:\/\/fmsolpeyrano.com\/index.php\/wp-json\/wp\/v2\/posts\/25239\/revisions\/25242"}],"wp:featuredmedia":[{"embeddable":true,"href":"https:\/\/fmsolpeyrano.com\/index.php\/wp-json\/wp\/v2\/media\/25241"}],"wp:attachment":[{"href":"https:\/\/fmsolpeyrano.com\/index.php\/wp-json\/wp\/v2\/media?parent=25239"}],"wp:term":[{"taxonomy":"category","embeddable":true,"href":"https:\/\/fmsolpeyrano.com\/index.php\/wp-json\/wp\/v2\/categories?post=25239"},{"taxonomy":"post_tag","embeddable":true,"href":"https:\/\/fmsolpeyrano.com\/index.php\/wp-json\/wp\/v2\/tags?post=25239"}],"curies":[{"name":"wp","href":"https:\/\/api.w.org\/{rel}","templated":true}]}}