{"id":25235,"date":"2026-08-31T10:39:28","date_gmt":"2026-08-31T13:39:28","guid":{"rendered":"https:\/\/fmsolpeyrano.com\/?p=25235"},"modified":"2026-08-31T10:39:28","modified_gmt":"2026-08-31T13:39:28","slug":"la-visita-del-papa-la-pulseada-de-milei-con-la-iglesia-y-el-temor-por-su-impacto-politico","status":"publish","type":"post","link":"https:\/\/fmsolpeyrano.com\/index.php\/2026\/08\/31\/la-visita-del-papa-la-pulseada-de-milei-con-la-iglesia-y-el-temor-por-su-impacto-politico\/","title":{"rendered":"La visita del Papa: La pulseada de Milei con la Iglesia y el temor por su impacto pol\u00edtico"},"content":{"rendered":"\n<p>El pont\u00edfice llegar\u00e1 en noviembre, pero ya hay incomodidad en la Rosada por el tono de la gira y su discurso. Ya hay una disputa con los obispos por los costos y el recorrido: la Rosada quiere actos cerrados y la Iglesia, que camine la calle<\/p>\n\n\n\n<p>El gobierno de Javier Milei enfrenta desaf\u00edos, pero sobre todo incomodidades, ante la visita del papa Le\u00f3n XIV a la Argentina. El pont\u00edfice llegar\u00e1 al pa\u00eds el 8 de noviembre en un viaje de apenas tres d\u00edas. Pero a m\u00e1s de dos meses de su arribo, las expectativas en relaci\u00f3n a su presencia crecen a gran velocidad. Tambi\u00e9n las presiones de unos y de otros para tratar de incidir en la apretada agenda de esas jornadas. La pregunta central gira en torno a c\u00f3mo y cu\u00e1nto la visita impactar\u00e1 en la vida cotidiana y cultural, pero tambi\u00e9n en la realidad social y pol\u00edtica del pa\u00eds. En paralelo, tambi\u00e9n hay rispideces por los recursos y el gasto que demandar\u00e1n algunos actos masivos. Este domingo, en tanto, ya lleg\u00f3 a la Argentina una delegaci\u00f3n del Vaticano para reunirse con los funcionarios argentinos y recorrer los escenarios que visitar\u00e1 el Papa.<\/p>\n\n\n\n<p>Desde la iglesia hay un gran esfuerzo por dejar en claro que se trata de \u201cuna visita pastoral\u201d que, traducido para quienes no siguen de cerca la vida eclesi\u00e1stica, puede entenderse como un mensaje tranquilizador para decir que no habr\u00e1 intencionalidad pol\u00edtica. Tambi\u00e9n porque el costado eventualmente pol\u00edtico de la visita es lo que m\u00e1s preocupa al gobierno de Milei.<\/p>\n\n\n\n<p>Hay tensi\u00f3n entre la iglesia y el gobierno por las caracter\u00edsticas que tengan los actos en los que participar\u00e1 Robert Prevost. La iglesia quiere una visita con los feligreses en la calle. Es decir, quiere el contacto del Papa con su pueblo. Por el otro, el gobierno desea, tal como lo viene haciendo con sus propios actos, eventos cerrados y con aforo porque esa es la mejor forma de controlar el relato oficial.<\/p>\n\n\n\n<p>En el gobierno temen, adem\u00e1s, que noviembre sea un mes caliente por la crisis econ\u00f3mica y que, los cerca de cinco millones de argentinos que durante la visita papal saldr\u00e1n a la calle, se conviertan en un problema.<\/p>\n\n\n\n<p>Preocupa tambi\u00e9n el mensaje que trae el Papa. El arzobispo Marcelo Colombo, presidente del episcopado, despu\u00e9s de su encuentro con Le\u00f3n XIV el jueves en el Vaticano, adelant\u00f3 que se tratar\u00e1 de \u201cun viaje pastoral con proyecci\u00f3n para la vida social\u201d. A buen entendedor, pocas palabras.<\/p>\n\n\n\n<p>M\u00e1s all\u00e1 del sentido \u201cpastoral\u201d de la visita, al gobierno le inquieta la parte de la \u201cproyecci\u00f3n para la vida social\u201d. Eso se refleja en tensiones y presiones que ya se est\u00e1n dando en el proceso preparatorio.<\/p>\n\n\n\n<p>Nadie espera que Le\u00f3n XIV haga alg\u00fan milagro en la Argentina. Pero el solo anuncio de su visita gener\u00f3, sino un milagro, un hecho casi impensable hasta hace poco tiempo: que el gobierno libertario -en este caso a trav\u00e9s de Karina Milei- abriera un espacio de coordinaci\u00f3n con las m\u00e1ximas autoridades de la iglesia cat\u00f3lica.<\/p>\n\n\n\n<p>Desde que est\u00e1 en la presidencia, Milei rompi\u00f3 la tradici\u00f3n argentina y nunca recibi\u00f3 en audiencia a las autoridades del episcopado. Eso molesta a los obispos, pero tambi\u00e9n las actitudes y declaraciones del canciller Pablo Quirno. Hace ya muchos meses, cuando se palpitaba la posibilidad de que la visita papal se concretara, el ministro de Relaciones Exteriores y Culto pretendi\u00f3 auto adjudicarse \u201cel \u00e9xito\u201d de la gesti\u00f3n, algo que cay\u00f3 p\u00e9simo en el episcopado y en el Vaticano. Nadie se lo reclam\u00f3 directamente, pero un obispo le hizo notar a Quirno que las autoridades de la Conferencia Episcopal nunca hab\u00edan sido recibidas por Milei. \u201cEs que ustedes nos critican mucho\u201d, fue la respuesta del titular de la cartera.<\/p>\n\n\n\n<p>Confirmado el viaje, y por motivos institucionales, el encargado de las relaciones con la iglesia fue el mismo Quirno. El ministro pidi\u00f3 que todo pasara por \u00e9l. Sin embargo, con el transcurso de los d\u00edas, no hab\u00eda avances en la necesaria coordinaci\u00f3n. Fue entonces cuando desde el episcopado hicieron llegar al gobierno el mensaje -casi exigencia- de activar los encuentros. Karina se enter\u00f3 y se puso al frente.&nbsp;<strong>Releg\u00f3 a Quirno y convoc\u00f3 en Casa Rosada ella misma a los representantes eclesi\u00e1sticos.<\/strong><\/p>\n\n\n\n<p>All\u00ed no invit\u00f3 a los representantes de las dem\u00e1s provincias involucradas en la visita, pero s\u00ed lo hizo en una segunda reuni\u00f3n que se llev\u00f3 a cabo en el Ministerio de Seguridad la semana pasada. Ese es el segundo hecho \u201ccasi impensable\u201d, que hasta ahora propici\u00f3 el Papa. Que en una misma mesa se siente el gobierno nacional y representantes del gobierno de la provincia de Buenos Aires.<\/p>\n\n\n\n<p>\u201cLa reuni\u00f3n fue protocolar, de trabajo. Hubo buena onda en general y todos dijimos que tiene que salir bien. No podemos estar pele\u00e1ndonos en medio de la visita de un Papa\u201d, indicaron desde La Plata en di\u00e1logo con&nbsp;<strong>P\u00e1gina12.<\/strong><\/p>\n\n\n\n<p>En esa l\u00ednea, lo que decidieron durante el \u00faltimo encuentro con Karina fue que cada jurisdicci\u00f3n &#8211;tambi\u00e9n estaban presentes representantes de C\u00f3rdoba y de CABA&#8211;, se har\u00e1 cargo de las actividades del Papa que toquen en sus distritos. Naci\u00f3n, sin embargo, como se trata de la visita de un jefe de Estado, estar\u00e1 a cargo de la seguridad del mismo y de sus traslados.<\/p>\n\n\n\n<p>Quien qued\u00f3 al frente de todas las cuestiones organizativas y del v\u00ednculo con las provincias es la mano derecha de Karina, y organizadora de eventos,&nbsp;<strong>Mara Gorini.&nbsp;<\/strong>Seg\u00fan supo&nbsp;<strong>P\u00e1gina12<\/strong>, la productora que eligi\u00f3 Gorini para la organizaci\u00f3n de los eventos por la visita del Papa es una denominada \u201cShowtec\u201d.<\/p>\n\n\n\n<h2 class=\"wp-block-heading\"><strong>El itinerario<\/strong><\/h2>\n\n\n\n<p>El Papa estar\u00e1 apenas tres d\u00edas en el pa\u00eds. Demasiado poco para atender todos los pedidos de quienes quieren verlo, acercarse, ser part\u00edcipes de una audiencia. Demasiados d\u00edas para un gobierno que todo lo quiere controlar y que teme que los dichos p\u00fablicos de Le\u00f3n XIV sigan los lineamientos de la iglesia local con afirmaciones sobre la doctrina social de la iglesia y la justicia social, que Javier Milei desprecia. Si adem\u00e1s lo que diga el Papa queda refrendado por multitudes como las que se estima que seguir\u00e1n los movimientos pont\u00edfices, el temor oficial escala hasta el nivel de p\u00e1nico.<\/p>\n\n\n\n<p>En este escenario, la agenda se vuelve una cuesti\u00f3n central en la disputa. Por tratarse de una visita de Estado, habr\u00e1 un encuentro entre el presidente Milei y el Papa. Es altamente posible que ese sea el primer acto oficial la misma tarde del domingo cuando Le\u00f3n XIV arribe al pa\u00eds. Quiz\u00e1s ese sea el \u00fanico contacto directo de Prevost y Milei, salvo que el presidente decida estar en alguna de las restantes actividades. Parece dif\u00edcil que ello ocurra.<\/p>\n\n\n\n<p>Sin embargo, no se descarta que quien aparezca en primera fila en alguna de las manifestaciones sea Victoria Villarruel, enemistada con la Casa Rosada. Si bien los hermanos Milei desplazan a la vicepresidenta de todos los actos oficiales, en este caso no tendr\u00e1n el mismo poder de decisi\u00f3n. Es el Vaticano el que est\u00e1 por encima de ellos y posiblemente tambi\u00e9n ser\u00e1 el que curse las invitaciones a los distintos actos.<\/p>\n\n\n\n<p>La pretensi\u00f3n inicial del gobierno fue que todos los eventos se realizaran en recintos cerrados o, a lo sumo, en estadios. Los obispos se opusieron y el Vaticano hasta ahora respalda esa posici\u00f3n. Habr\u00e1 por lo menos tres eventos masivos en los que se espera congregar a varios millones de personas. Uno en Buenos Aires en el Monumento a los Espa\u00f1oles (Palermo), uno en Luj\u00e1n, en la bas\u00edlica de la Virgen, y otro en C\u00f3rdoba, en la FADEA. Puede haber un cuarto acto dedicado a los j\u00f3venes sobre la avenida 9 de Julio en CABA.<\/p>\n\n\n\n<p>Aunque est\u00e1 claro que la \u00faltima palabra sobre la agenda la tendr\u00e1 el Vaticano y que esa decisi\u00f3n se comunicar\u00e1 hacia mediados de setiembre cuando regrese a Roma la delegaci\u00f3n de la Santa Sede que llegar\u00e1 al pa\u00eds el domingo 30 para relevar todo en el terreno, est\u00e1 casi decidido que el Papa har\u00e1 una visita al Cotolengo Don Orione, en la localidad bonaerense de Claypole (Almirante Brown), una obra de la iglesia que alberga a casi 400 personas con discapacidad.<\/p>\n\n\n\n<p>Los libertarios, una vez m\u00e1s, fruncen el ce\u00f1o. El solo gesto pontificio de llegar hasta all\u00ed puede ser le\u00eddo cr\u00edticamente para un gobierno que ha convertido a las personas con discapacidad en v\u00edctimas del ajuste. Se trata de un tema por dem\u00e1s sensible para la Casa Rosada, ya que la tem\u00e1tica remite de manera directa al esc\u00e1ndalo de las coimas en ANDIS y al \u201ctres por ciento\u201d, de Karina. Adem\u00e1s, la oposici\u00f3n avanza en el Congreso, a contramano del gobierno, con el objetivo de extender la emergencia en Discapacidad por un a\u00f1o m\u00e1s.<\/p>\n\n\n\n<p>Se estudia tambi\u00e9n una visita de Le\u00f3n XIV a la c\u00e1rcel de Devoto. Es habitual que en sus giras -lo hac\u00eda tambi\u00e9n Francisco- visite a las personas privadas de la libertad.<\/p>\n\n\n\n<p>Es posible que la agenda incluya, por lo menos, otros tres momentos. Un homenaje al papa Francisco que ser\u00eda en la catedral de Buenos Aires, con la participaci\u00f3n de todos los obispos argentinos. Hay dudas acerca de quienes estar\u00e1n invitados a esta ceremonia. El gobierno preferir\u00eda que todo transcurra dentro del templo, pero parece inevitable que la Plaza de Mayo y sus alrededores se colme de gente ante la sola posibilidad ver al pont\u00edfice. No est\u00e1 claro c\u00f3mo se puede definir esta situaci\u00f3n.<\/p>\n\n\n\n<p>Otros encuentros est\u00e1n en la agenda preliminar. Uno en la Ballena Azul del CCK donde Le\u00f3n XIV se dirigir\u00e1 en principio a todo el cuerpo diplom\u00e1tico acreditado en el pa\u00eds, pero all\u00ed podr\u00edan sumarse tambi\u00e9n legisladores, autoridades y dirigentes pol\u00edticos. Otro encuentro podr\u00eda concretarse en la Universidad Cat\u00f3lica, en Puerto Madero, al que estar\u00edan invitados en forma conjunta empresarios, representantes de la ciencia, dirigentes sindicales y de los movimientos populares.<\/p>\n\n\n\n<p><strong>\u00bfQui\u00e9n paga qu\u00e9?<\/strong><\/p>\n\n\n\n<p>Por tratarse de una visita de Estado, el gobierno argentino se tiene que hacer cargo de la seguridad del Papa. De eso est\u00e1 encargada la ministra Monteoliva en coordinaci\u00f3n con los ministros de seguridad de las provincias que visitar\u00e1 Prevost. Se asegura que eso est\u00e1 en marcha.<\/p>\n\n\n\n<p>A la seguridad provista por el gobierno se suma la escolta vaticana que -a modo de custodia personal- acompa\u00f1a al Papa a todas partes. Tambi\u00e9n esto requiere coordinaci\u00f3n.<\/p>\n\n\n\n<p><strong>El gobierno pondr\u00e1 adem\u00e1s los recursos para los traslados a\u00e9reos y terrestres del Papa en el pa\u00eds.&nbsp;<\/strong>Un avi\u00f3n de Aerol\u00edneas Argentinas lo ir\u00e1 a buscar a Montevideo a \u00e9l y a su comitiva (se estiman 85 personas), lo llevar\u00e1 hasta C\u00f3rdoba y lo dejar\u00e1 posteriormente en Lima, la \u00faltima escala de su gira sudamericana. Esto es lo que pondr\u00e1 el gobierno porque \u201cno hay m\u00e1s plata\u201d.<\/p>\n\n\n\n<p>Durante su estad\u00eda en el pa\u00eds, Le\u00f3n XIV se alojar\u00e1 en la nunciatura apost\u00f3lica (la embajada del Vaticano) en la Recoleta, incluso el d\u00eda del acto en C\u00f3rdoba.<\/p>\n\n\n\n<p>Por cuenta de la iglesia va todo lo relativo al montaje de los escenarios en los actos masivos, equipos sonoros y todo lo que ello implica. Tambi\u00e9n la provisi\u00f3n de un \u201cpapam\u00f3vil\u201d que ser\u00e1 fabricado especialmente en el pa\u00eds para esa ocasi\u00f3n.<\/p>\n\n\n\n<p>El tema de los costos preocupa en demas\u00eda a los obispos, que aseguran que la iglesia local carece de fondos para hacer frente a esos gastos. En b\u00fasqueda de sumar algunos recursos, se organiz\u00f3 una colecta el domingo pasado en todas las iglesias del pa\u00eds. A\u00fan no est\u00e1n los n\u00fameros finales, pero se estima que lo recaudado est\u00e1 muy lejos de cubrir las necesidades.<\/p>\n","protected":false},"excerpt":{"rendered":"<p>El pont\u00edfice llegar\u00e1 en noviembre, pero ya hay incomodidad en la Rosada por el tono de la gira y su discurso. Ya hay una disputa con los obispos por los costos y el recorrido: la Rosada quiere actos cerrados y la Iglesia, que camine la calle El gobierno de Javier Milei enfrenta desaf\u00edos, pero sobre [&hellip;]<\/p>\n","protected":false},"author":1,"featured_media":25236,"comment_status":"closed","ping_status":"open","sticky":false,"template":"","format":"standard","meta":{"site-sidebar-layout":"default","site-content-layout":"","ast-site-content-layout":"default","site-content-style":"default","site-sidebar-style":"default","ast-global-header-display":"","ast-banner-title-visibility":"","ast-main-header-display":"","ast-hfb-above-header-display":"","ast-hfb-below-header-display":"","ast-hfb-mobile-header-display":"","site-post-title":"","ast-breadcrumbs-content":"","ast-featured-img":"","footer-sml-layout":"","ast-disable-related-posts":"","theme-transparent-header-meta":"","adv-header-id-meta":"","stick-header-meta":"","header-above-stick-meta":"","header-main-stick-meta":"","header-below-stick-meta":"","astra-migrate-meta-layouts":"set","ast-page-background-enabled":"default","ast-page-background-meta":{"desktop":{"background-color":"var(--ast-global-color-4)","background-image":"","background-repeat":"repeat","background-position":"center center","background-size":"auto","background-attachment":"scroll","background-type":"","background-media":"","overlay-type":"","overlay-color":"","overlay-opacity":"","overlay-gradient":""},"tablet":{"background-color":"","background-image":"","background-repeat":"repeat","background-position":"center center","background-size":"auto","background-attachment":"scroll","background-type":"","background-media":"","overlay-type":"","overlay-color":"","overlay-opacity":"","overlay-gradient":""},"mobile":{"background-color":"","background-image":"","background-repeat":"repeat","background-position":"center center","background-size":"auto","background-attachment":"scroll","background-type":"","background-media":"","overlay-type":"","overlay-color":"","overlay-opacity":"","overlay-gradient":""}},"ast-content-background-meta":{"desktop":{"background-color":"var(--ast-global-color-5)","background-image":"","background-repeat":"repeat","background-position":"center center","background-size":"auto","background-attachment":"scroll","background-type":"","background-media":"","overlay-type":"","overlay-color":"","overlay-opacity":"","overlay-gradient":""},"tablet":{"background-color":"var(--ast-global-color-5)","background-image":"","background-repeat":"repeat","background-position":"center center","background-size":"auto","background-attachment":"scroll","background-type":"","background-media":"","overlay-type":"","overlay-color":"","overlay-opacity":"","overlay-gradient":""},"mobile":{"background-color":"var(--ast-global-color-5)","background-image":"","background-repeat":"repeat","background-position":"center center","background-size":"auto","background-attachment":"scroll","background-type":"","background-media":"","overlay-type":"","overlay-color":"","overlay-opacity":"","overlay-gradient":""}},"footnotes":""},"categories":[1],"tags":[],"class_list":["post-25235","post","type-post","status-publish","format-standard","has-post-thumbnail","hentry","category-sin-categoria"],"_links":{"self":[{"href":"https:\/\/fmsolpeyrano.com\/index.php\/wp-json\/wp\/v2\/posts\/25235","targetHints":{"allow":["GET"]}}],"collection":[{"href":"https:\/\/fmsolpeyrano.com\/index.php\/wp-json\/wp\/v2\/posts"}],"about":[{"href":"https:\/\/fmsolpeyrano.com\/index.php\/wp-json\/wp\/v2\/types\/post"}],"author":[{"embeddable":true,"href":"https:\/\/fmsolpeyrano.com\/index.php\/wp-json\/wp\/v2\/users\/1"}],"replies":[{"embeddable":true,"href":"https:\/\/fmsolpeyrano.com\/index.php\/wp-json\/wp\/v2\/comments?post=25235"}],"version-history":[{"count":1,"href":"https:\/\/fmsolpeyrano.com\/index.php\/wp-json\/wp\/v2\/posts\/25235\/revisions"}],"predecessor-version":[{"id":25237,"href":"https:\/\/fmsolpeyrano.com\/index.php\/wp-json\/wp\/v2\/posts\/25235\/revisions\/25237"}],"wp:featuredmedia":[{"embeddable":true,"href":"https:\/\/fmsolpeyrano.com\/index.php\/wp-json\/wp\/v2\/media\/25236"}],"wp:attachment":[{"href":"https:\/\/fmsolpeyrano.com\/index.php\/wp-json\/wp\/v2\/media?parent=25235"}],"wp:term":[{"taxonomy":"category","embeddable":true,"href":"https:\/\/fmsolpeyrano.com\/index.php\/wp-json\/wp\/v2\/categories?post=25235"},{"taxonomy":"post_tag","embeddable":true,"href":"https:\/\/fmsolpeyrano.com\/index.php\/wp-json\/wp\/v2\/tags?post=25235"}],"curies":[{"name":"wp","href":"https:\/\/api.w.org\/{rel}","templated":true}]}}