{"id":25223,"date":"2026-08-30T20:54:10","date_gmt":"2026-08-30T23:54:10","guid":{"rendered":"https:\/\/fmsolpeyrano.com\/?p=25223"},"modified":"2026-08-30T20:54:10","modified_gmt":"2026-08-30T23:54:10","slug":"juegos-suramericanos-2026-rosario-ya-tiene-lista-la-villa-deportiva-que-recibira-a-los-atletas-de-santa-fe-2026","status":"publish","type":"post","link":"https:\/\/fmsolpeyrano.com\/index.php\/2026\/08\/30\/juegos-suramericanos-2026-rosario-ya-tiene-lista-la-villa-deportiva-que-recibira-a-los-atletas-de-santa-fe-2026\/","title":{"rendered":"Juegos Suramericanos 2026: Rosario ya tiene lista la villa deportiva que recibir\u00e1 a los atletas de Santa Fe 2026"},"content":{"rendered":"\n<p>Pullaro encabez\u00f3 este domingo una recorrida por el complejo del ex Batall\u00f3n 121, que cuenta con 245 departamentos. M\u00e1s de 30.000 personas participaron de una jornada en la que tambi\u00e9n se habilitaron obras de Av. Ayacucho y la nueva CapiPlaza.<\/p>\n\n\n\n<p><br>A menos de dos semanas de los XIII Juegos Suramericanos Santa Fe 2026, Rosario ya tiene lista la villa deportiva que alojar\u00e1 a los atletas durante la competencia. El gobernador Maximiliano Pullaro encabez\u00f3 este domingo la recorrida por el complejo construido en el predio del ex Batall\u00f3n 121, donde durante septiembre vivir\u00e1n deportistas y delegaciones de distintos pa\u00edses de Sudam\u00e9rica.<br>La jornada tambi\u00e9n mostr\u00f3 la transformaci\u00f3n de todo ese sector de la ciudad. Adem\u00e1s de la Villa, quedaron habilitadas las obras de avenida Ayacucho y la CapiPlaza. M\u00e1s de 30.000 personas disfrutaron de las actividades abiertas a la comunidad y de los espect\u00e1culos de Circo Lumiere y Cumbi\u00f3n del R\u00edo.<br>Junto a Pullaro estuvieron los ministros provinciales Lisandro Enrico, Jos\u00e9 Goity y Susana Rueda; el intendente de Rosario, Pablo Javkin; el exgobernador Antonio Bonfatti; el vocero de los Juegos, Federico Angelini; y el secretario de Gobierno de Rosario, Sebasti\u00e1n Chale, entre otras autoridades.<br>Pullaro destac\u00f3 la transformaci\u00f3n del sector y la recuperaci\u00f3n del espacio p\u00fablico: \u201cEstamos muy contentos de ver c\u00f3mo est\u00e1 cambiando toda esta zona, c\u00f3mo est\u00e1 cambiando la ciudad y las obras que est\u00e1n llegando, que hab\u00edamos prometido. Hoy tenemos un parque lleno de ni\u00f1as, ni\u00f1os, adolescentes y adultos que vienen a tomar unos mates y disfrutar de un hermoso domingo. Eso es lo que queremos para Rosario\u201d.<br>El gobernador remarc\u00f3 adem\u00e1s el trabajo conjunto: \u201cUnidos podemos hacer mucho m\u00e1s y hacer un mont\u00f3n de cosas buenas para que todos las puedan disfrutar. Vienen cosas muy lindas para la ciudad y muy buenas para la provincia de Santa Fe\u201d.<br>Por su parte, Javkin se\u00f1al\u00f3 que \u201cla ciudad sali\u00f3 de un lugar muy dif\u00edcil y hoy empieza a sentir la recuperaci\u00f3n definitiva de su orgullo y su grandeza\u201d. Y agreg\u00f3: \u201cAs\u00ed lo demuestran los Juegos Suramericanos, las obras, las transformaciones en los barrios y ahora los Panamericanos de 2029\u201d.<br>Angelini destac\u00f3 que la habilitaci\u00f3n de la Villa marca uno de los \u00faltimos pasos antes del comienzo de la competencia. \u201cEs un sue\u00f1o que se est\u00e1 concretando. Es el resultado del trabajo que se viene haciendo desde 2024. Hoy, a pocos d\u00edas de los Juegos, estamos habilitando una Villa que va a alojar a m\u00e1s de 1.400 atletas\u201d, se\u00f1al\u00f3.<\/p>\n\n\n\n<p><strong>La casa de los atletas<\/strong><\/p>\n\n\n\n<p>La Villa Suramericana tiene 245 departamentos distribuidos en cinco torres y capacidad para 1.485 camas. El complejo ocupa un predio de 34.500 metros cuadrados, con 21.342 metros cuadrados de superficie construida.<br>Las viviendas se distribuyen en 35 unidades de un dormitorio, 140 de dos y 60 de tres. Durante la competencia ser\u00e1n utilizadas por las delegaciones y, posteriormente, tendr\u00e1n continuidad como viviendas.<\/p>\n\n\n\n<p><strong>Un nuevo cap\u00edtulo para el sur rosarino<\/strong><\/p>\n\n\n\n<p>La Villa forma parte de una transformaci\u00f3n m\u00e1s amplia en el sur de la ciudad. En ese entorno se encuentran el Museo del Deporte Santafesino, el Parque H\u00e9roes de Malvinas y el nuevo Centro Acu\u00e1tico Provincial, pr\u00f3ximo a inaugurarse y que ser\u00e1 otro de los grandes escenarios de Santa Fe 2026.<br>\u201cEstamos hablando de un sector que estuvo abandonado durante muchos a\u00f1os. Hoy estamos viendo c\u00f3mo se recupera y c\u00f3mo la gente empieza a disfrutar estos espacios\u201d, afirm\u00f3 Angelini.<br>Tambi\u00e9n qued\u00f3 habilitada la renovaci\u00f3n de avenida Ayacucho, entre bulevar Segu\u00ed y Lamadrid. Sobre unos 1.750 metros se reconstruy\u00f3 la calzada y se incorporaron nuevas veredas y rampas, alumbrado, sem\u00e1foros, se\u00f1alizaci\u00f3n y una ciclov\u00eda, adem\u00e1s de obras pluviales y cloacales.<\/p>\n\n\n\n<p><strong>M\u00e1s espacio p\u00fablico<\/strong><\/p>\n\n\n\n<p>La jornada incluy\u00f3 adem\u00e1s la inauguraci\u00f3n de la nueva CapiPlaza, con juegos y propuestas inspiradas en Capi, la mascota oficial de los Juegos, que suma un nuevo espacio p\u00fablico para el disfrute de los vecinos.<br>Del 12 al 26 de septiembre, Santa Fe, Rosario y Rafaela recibir\u00e1n a m\u00e1s de 4.000 atletas de 15 pa\u00edses, que competir\u00e1n en 43 deportes y 60 disciplinas. La Ceremonia de Apertura ser\u00e1 el s\u00e1bado 12, desde las 18, en el Parque Nacional a la Bandera.<br>\u201cSe est\u00e1 preparando algo impresionante. Queremos invitar a todos los rosarinos y santafesinos a que participen de la inauguraci\u00f3n y vivan este momento\u201d, anticip\u00f3 Angelini.<\/p>\n","protected":false},"excerpt":{"rendered":"<p>Pullaro encabez\u00f3 este domingo una recorrida por el complejo del ex Batall\u00f3n 121, que cuenta con 245 departamentos. M\u00e1s de 30.000 personas participaron de una jornada en la que tambi\u00e9n se habilitaron obras de Av. Ayacucho y la nueva CapiPlaza. A menos de dos semanas de los XIII Juegos Suramericanos Santa Fe 2026, Rosario ya [&hellip;]<\/p>\n","protected":false},"author":1,"featured_media":25224,"comment_status":"closed","ping_status":"open","sticky":false,"template":"","format":"standard","meta":{"site-sidebar-layout":"default","site-content-layout":"","ast-site-content-layout":"default","site-content-style":"default","site-sidebar-style":"default","ast-global-header-display":"","ast-banner-title-visibility":"","ast-main-header-display":"","ast-hfb-above-header-display":"","ast-hfb-below-header-display":"","ast-hfb-mobile-header-display":"","site-post-title":"","ast-breadcrumbs-content":"","ast-featured-img":"","footer-sml-layout":"","ast-disable-related-posts":"","theme-transparent-header-meta":"","adv-header-id-meta":"","stick-header-meta":"","header-above-stick-meta":"","header-main-stick-meta":"","header-below-stick-meta":"","astra-migrate-meta-layouts":"set","ast-page-background-enabled":"default","ast-page-background-meta":{"desktop":{"background-color":"var(--ast-global-color-4)","background-image":"","background-repeat":"repeat","background-position":"center center","background-size":"auto","background-attachment":"scroll","background-type":"","background-media":"","overlay-type":"","overlay-color":"","overlay-opacity":"","overlay-gradient":""},"tablet":{"background-color":"","background-image":"","background-repeat":"repeat","background-position":"center center","background-size":"auto","background-attachment":"scroll","background-type":"","background-media":"","overlay-type":"","overlay-color":"","overlay-opacity":"","overlay-gradient":""},"mobile":{"background-color":"","background-image":"","background-repeat":"repeat","background-position":"center center","background-size":"auto","background-attachment":"scroll","background-type":"","background-media":"","overlay-type":"","overlay-color":"","overlay-opacity":"","overlay-gradient":""}},"ast-content-background-meta":{"desktop":{"background-color":"var(--ast-global-color-5)","background-image":"","background-repeat":"repeat","background-position":"center center","background-size":"auto","background-attachment":"scroll","background-type":"","background-media":"","overlay-type":"","overlay-color":"","overlay-opacity":"","overlay-gradient":""},"tablet":{"background-color":"var(--ast-global-color-5)","background-image":"","background-repeat":"repeat","background-position":"center center","background-size":"auto","background-attachment":"scroll","background-type":"","background-media":"","overlay-type":"","overlay-color":"","overlay-opacity":"","overlay-gradient":""},"mobile":{"background-color":"var(--ast-global-color-5)","background-image":"","background-repeat":"repeat","background-position":"center center","background-size":"auto","background-attachment":"scroll","background-type":"","background-media":"","overlay-type":"","overlay-color":"","overlay-opacity":"","overlay-gradient":""}},"footnotes":""},"categories":[1],"tags":[],"class_list":["post-25223","post","type-post","status-publish","format-standard","has-post-thumbnail","hentry","category-sin-categoria"],"_links":{"self":[{"href":"https:\/\/fmsolpeyrano.com\/index.php\/wp-json\/wp\/v2\/posts\/25223","targetHints":{"allow":["GET"]}}],"collection":[{"href":"https:\/\/fmsolpeyrano.com\/index.php\/wp-json\/wp\/v2\/posts"}],"about":[{"href":"https:\/\/fmsolpeyrano.com\/index.php\/wp-json\/wp\/v2\/types\/post"}],"author":[{"embeddable":true,"href":"https:\/\/fmsolpeyrano.com\/index.php\/wp-json\/wp\/v2\/users\/1"}],"replies":[{"embeddable":true,"href":"https:\/\/fmsolpeyrano.com\/index.php\/wp-json\/wp\/v2\/comments?post=25223"}],"version-history":[{"count":1,"href":"https:\/\/fmsolpeyrano.com\/index.php\/wp-json\/wp\/v2\/posts\/25223\/revisions"}],"predecessor-version":[{"id":25225,"href":"https:\/\/fmsolpeyrano.com\/index.php\/wp-json\/wp\/v2\/posts\/25223\/revisions\/25225"}],"wp:featuredmedia":[{"embeddable":true,"href":"https:\/\/fmsolpeyrano.com\/index.php\/wp-json\/wp\/v2\/media\/25224"}],"wp:attachment":[{"href":"https:\/\/fmsolpeyrano.com\/index.php\/wp-json\/wp\/v2\/media?parent=25223"}],"wp:term":[{"taxonomy":"category","embeddable":true,"href":"https:\/\/fmsolpeyrano.com\/index.php\/wp-json\/wp\/v2\/categories?post=25223"},{"taxonomy":"post_tag","embeddable":true,"href":"https:\/\/fmsolpeyrano.com\/index.php\/wp-json\/wp\/v2\/tags?post=25223"}],"curies":[{"name":"wp","href":"https:\/\/api.w.org\/{rel}","templated":true}]}}