{"id":25220,"date":"2026-08-30T10:45:37","date_gmt":"2026-08-30T13:45:37","guid":{"rendered":"https:\/\/fmsolpeyrano.com\/?p=25220"},"modified":"2026-08-30T10:45:37","modified_gmt":"2026-08-30T13:45:37","slug":"el-peronismo-mira-al-2027-la-tranquera-bonaerense-y-el-avance-de-los-caudillos-del-interior","status":"publish","type":"post","link":"https:\/\/fmsolpeyrano.com\/index.php\/2026\/08\/30\/el-peronismo-mira-al-2027-la-tranquera-bonaerense-y-el-avance-de-los-caudillos-del-interior\/","title":{"rendered":"El peronismo mira al 2027: la tranquera bonaerense y el avance de los caudillos del interior"},"content":{"rendered":"\n<h3 class=\"wp-block-heading\" style=\"font-size:15px\">Mientras Kicillof y Massa aceleran sus proyectos electorales, Quintela, Zamora, De la Sota y U\u00f1ac buscan ser protagonistas. La reelecci\u00f3n indefinida de los intendentes anticipa la pelea en la provincia de Buenos Aires.<a href=\"https:\/\/www.pagina12.com.ar\/autores\/sebastian-cazon\"><\/a><\/h3>\n\n\n\n<p>\u201cLa pelea bonaerense no puede llevarse puesto al proyecto nacional\u201d, se quej\u00f3 uno de los asistentes a la \u00faltima cumbre peronista. La advertencia condensa una preocupaci\u00f3n que atraviesa al partido: para sacar a Javier Milei de la Casa Rosada, el peronismo deber\u00e1 saltar la tranquera de la Provincia, construir una propuesta federal y, sobre todo, recuperar el Norte argentino. El c\u00e1lculo es simple. Cuando Daniel Scioli perdi\u00f3 la Presidencia frente a Mauricio Macri en 2015, el peronismo todav\u00eda conservaba una s\u00f3lida implantaci\u00f3n territorial: hab\u00eda ganado en 15 de las 24 provincias. Ocho a\u00f1os despu\u00e9s, el mapa era otro. En 2023, Javier Milei se impuso en 20 distritos y Sergio Massa apenas pudo retener cuatro bastiones: Buenos Aires, Chaco, Formosa y Santiago del Estero.<\/p>\n\n\n\n<p>En ese marco, mientras los posibles candidatos porte\u00f1os \u2014Axel Kicillof y Sergio Massa\u2014 le dan forma a sus proyectos presidenciales, dirigentes del interior plantan bandera para obtener un papel protag\u00f3nico en la contienda nacional: el riojano Ricardo Quintela, el santiague\u00f1o Gerardo Zamora, la cordobesa Natalia de la Sota, el sanjuanino Sergio U\u00f1ac, entre otros. Tambi\u00e9n se anota el salte\u00f1o Gustavo S\u00e1enz, con un discurso antikirchnerista y coqueteos con la Casa Rosada.<\/p>\n\n\n\n<p><strong>Cosa de gitanos y cordobeses<\/strong><\/p>\n\n\n\n<p>En privado, Quintela admite que le gustar\u00eda ser candidato. \u201c\u00bfA qui\u00e9n no?\u201d, responde. En p\u00fablico, reconoce que su rol es el de articulador y que la prioridad no son los nombres, sino la unidad. El Gitano fue quien lanz\u00f3 la primera convocatoria a todos los sectores y logr\u00f3 congregarlos en La Rioja. \u201cNo hay que tener miedo de juntarnos con los compa\u00f1eros, aun con aquellos con los que estamos distantes\u201d, repite.<\/p>\n\n\n\n<p>La sentencia no solo aplica a acercar posiciones entre las filas de Cristina Kirchner y Kicillof. Tambi\u00e9n apunta a aquellos gobernadores que ponen m\u00e1s condiciones para conversar con dirigentes del peronismo que para colaborar con Milei en el Congreso: el catamarque\u00f1o Ra\u00fal Jalil, el tucumano Osvaldo Jaldo y el cordob\u00e9s Mart\u00edn Llaryora.<\/p>\n\n\n\n<p>De buen v\u00ednculo con Llaryora y Juan Schiaretti, Quintela ambiciona sumar al cordobesismo a un gran frente en 2027. No la tiene f\u00e1cil. Ambos calibran sus movimientos en funci\u00f3n de la conveniencia de confrontar con la Casa Rosada. El gobernador mide sus pasos con foco en la reelecci\u00f3n. A nivel nacional, impulsa la postulaci\u00f3n del Gringo Schiaretti, bajo la promesa de que no forman parte de la polarizaci\u00f3n. \u201cTenemos un modelo propio\u201d, repite, en un delicado equilibrio entre el peronismo y La Libertad Avanza.<\/p>\n\n\n\n<p>Natalia de la Sota, en cambio, juega a favor de un frente anti-Milei. La reuni\u00f3n que mantuvo hace algunas semanas con el intendente platense, Julio Alak, aliment\u00f3 las especulaciones sobre una f\u00f3rmula compartida con Kicillof. La diputada nacional mantiene un perfil de centro, productivista, con eje en las econom\u00edas regionales. En contra, a\u00fan acumula un alto nivel de desconocimiento a nivel nacional. A favor, ostenta un importante diferencial de imagen positiva y el apellido De la Sota seduce a miembros del PJ, sobre todo para recuperar terreno en el segundo distrito m\u00e1s grande del pa\u00eds, donde Milei obtuvo el 74 por ciento de los votos.<\/p>\n\n\n\n<p><strong>Goleada en Santiago y el plan U\u00f1ac<\/strong><\/p>\n\n\n\n<p>El 26 a 0 en las elecciones municipales de Santiago del Estero ratific\u00f3 la hegemon\u00eda provincial de Gerardo Zamora y lo catapult\u00f3 a la contienda nacional. De extracci\u00f3n radical, pasado kirchnerista y base peronista, el exgobernador pretende ser el garante de un espacio federal y amplio. Su principal activo es el v\u00ednculo con las distintas vertientes del PJ y su capacidad para mantenerse impermeable a la disputa bonaerense. Para dejar en claro su autonom\u00eda, en el Congreso arm\u00f3 un bloque propio.<\/p>\n\n\n\n<p>Candidatos o no, Zamora y Quintela ser\u00e1n clave para tender puentes con aquellos dirigentes del Norte Grande que miran con recelo el poder concentrado en Buenos Aires.<\/p>\n\n\n\n<p>De todos los dirigentes con aspiraciones a competir, el sanjuanino Sergio U\u00f1ac fue el m\u00e1s expl\u00edcito. \u201cHe tomado una decisi\u00f3n personal de ser candidato\u201d, afirm\u00f3 en mayo. El exgobernador presenta una alternativa moderada, destaca el equilibrio fiscal y defiende la actividad minera como generadora de divisas. Busca apoyarse en dirigentes del norte y del centro del pa\u00eds que cuestionen los acuerdos de c\u00fapulas y convoca a discutir una nueva conducci\u00f3n del peronismo. \u201cEl pr\u00f3ximo presidente no puede conocer menos del 50 por ciento de las provincias argentinas\u201d, desaf\u00eda a los porte\u00f1os.<\/p>\n\n\n\n<p>Ante la posible suspensi\u00f3n de las PASO, U\u00f1ac propuso dise\u00f1ar una interna lo m\u00e1s abierta posible. En el PJ nacional no lo descartan, pero admiten que los choques de facciones complicar\u00edan su organizaci\u00f3n. Recuerdan la traum\u00e1tica elecci\u00f3n que tuvo el justicialismo en 2024, cuando Quintela intent\u00f3 disputarle la presidencia a Cristina Kirchner. En aquel entonces, la Junta Electoral del partido rechaz\u00f3 la lista \u201cFederales\u201d por supuestas irregularidades. En medio de un escandaloso enfrentamiento p\u00fablico, Quintela denunci\u00f3 falta de transparencia y judicializ\u00f3 el tr\u00e1mite. \u201cRepetir esa experiencia, hoy en este contexto de Milei, ser\u00eda lapidario para el peronismo\u201d, reconocen.<\/p>\n\n\n\n<p><strong>Un peronismo antikirchnerista<\/strong><\/p>\n\n\n\n<p>\u201cLos gobernadores debemos consensuar qui\u00e9n es el que mejor nos representa\u201d, insiste el salte\u00f1o Gustavo S\u00e1enz y amaga con jugar. El mandatario provincial, que tambi\u00e9n se ve tentado a ir por la reelecci\u00f3n, llama a construir una alternativa opositora antikirchnerista. \u201cEl kirchnerismo se apropi\u00f3 del peronismo. El peronismo nunca fue de izquierda ni mucho menos comunista\u201d, formul\u00f3 S\u00e1enz la semana pasada. D\u00edas despu\u00e9s, su vicegobernador, Antonio Marocco, viaj\u00f3 hasta Buenos Aires para sacarse una foto con Kicillof. Comparti\u00f3 un panel con Ver\u00f3nica Magario y Carlos Bianco, y discutieron sobre c\u00f3mo encarar un proyecto nacional de cara a 2027. De di\u00e1logo fluido y amistoso con Milei, S\u00e1enz deja entreabiertas todas las puertas, incluso una oferta libertaria.<\/p>\n\n\n\n<p>El pampeano Sergio Zillioto, que anunci\u00f3 su retiro de la pol\u00edtica cuando finalice su mandato en 2027, tambi\u00e9n sostiene que el pr\u00f3ximo presidente debe emerger del interior. Adem\u00e1s, pone como requisito que tenga en su curr\u00edculum una gesti\u00f3n provincial para mostrar resultados. Este fin de semana, se reunir\u00e1 con Kicillof.<\/p>\n\n\n\n<p><strong>La tranquera bonaerense<\/strong><\/p>\n\n\n\n<p>Mientras tanto, en Buenos Aires, Sergio Massa y Kicillof \u2014por lo bajo\u2014 dan rienda suelta a su disputa nacional. La reelecci\u00f3n indefinida de los intendentes bonaerenses constituye el primer cap\u00edtulo de una pulseada que se tensionar\u00e1 al ritmo del calendario electoral. Los jefes comunales le exigen al gobernador que los habilite a buscar otro mandato. El mandatario pretende cumplirles el deseo, con la esperanza de que traccionen votos hacia su proyecto presidencial. Massa, por el contrario, ya avis\u00f3 que no aportar\u00e1 su apoyo en la Legislatura. El tigrense tiene un buen argumento: la ley que en 2016 puso l\u00edmites a las reelecciones fue impulsada por el Frente Renovador.<\/p>\n\n\n\n<p>El tema se discuti\u00f3 en la cumbre peronista del Hotel Emperador y lo charlaron esta semana, en privado, Malena Galmarini y Carlos Bianco. No hubo acuerdo. Todo un anticipo de una pelea que se extender\u00e1 hasta el a\u00f1o que viene y que los gobernadores, justamente, y quieren esquivar.<\/p>\n","protected":false},"excerpt":{"rendered":"<p>Mientras Kicillof y Massa aceleran sus proyectos electorales, Quintela, Zamora, De la Sota y U\u00f1ac buscan ser protagonistas. La reelecci\u00f3n indefinida de los intendentes anticipa la pelea en la provincia de Buenos Aires. \u201cLa pelea bonaerense no puede llevarse puesto al proyecto nacional\u201d, se quej\u00f3 uno de los asistentes a la \u00faltima cumbre peronista. La [&hellip;]<\/p>\n","protected":false},"author":1,"featured_media":25221,"comment_status":"closed","ping_status":"open","sticky":false,"template":"","format":"standard","meta":{"site-sidebar-layout":"default","site-content-layout":"","ast-site-content-layout":"default","site-content-style":"default","site-sidebar-style":"default","ast-global-header-display":"","ast-banner-title-visibility":"","ast-main-header-display":"","ast-hfb-above-header-display":"","ast-hfb-below-header-display":"","ast-hfb-mobile-header-display":"","site-post-title":"","ast-breadcrumbs-content":"","ast-featured-img":"","footer-sml-layout":"","ast-disable-related-posts":"","theme-transparent-header-meta":"","adv-header-id-meta":"","stick-header-meta":"","header-above-stick-meta":"","header-main-stick-meta":"","header-below-stick-meta":"","astra-migrate-meta-layouts":"set","ast-page-background-enabled":"default","ast-page-background-meta":{"desktop":{"background-color":"var(--ast-global-color-4)","background-image":"","background-repeat":"repeat","background-position":"center center","background-size":"auto","background-attachment":"scroll","background-type":"","background-media":"","overlay-type":"","overlay-color":"","overlay-opacity":"","overlay-gradient":""},"tablet":{"background-color":"","background-image":"","background-repeat":"repeat","background-position":"center center","background-size":"auto","background-attachment":"scroll","background-type":"","background-media":"","overlay-type":"","overlay-color":"","overlay-opacity":"","overlay-gradient":""},"mobile":{"background-color":"","background-image":"","background-repeat":"repeat","background-position":"center center","background-size":"auto","background-attachment":"scroll","background-type":"","background-media":"","overlay-type":"","overlay-color":"","overlay-opacity":"","overlay-gradient":""}},"ast-content-background-meta":{"desktop":{"background-color":"var(--ast-global-color-5)","background-image":"","background-repeat":"repeat","background-position":"center center","background-size":"auto","background-attachment":"scroll","background-type":"","background-media":"","overlay-type":"","overlay-color":"","overlay-opacity":"","overlay-gradient":""},"tablet":{"background-color":"var(--ast-global-color-5)","background-image":"","background-repeat":"repeat","background-position":"center center","background-size":"auto","background-attachment":"scroll","background-type":"","background-media":"","overlay-type":"","overlay-color":"","overlay-opacity":"","overlay-gradient":""},"mobile":{"background-color":"var(--ast-global-color-5)","background-image":"","background-repeat":"repeat","background-position":"center center","background-size":"auto","background-attachment":"scroll","background-type":"","background-media":"","overlay-type":"","overlay-color":"","overlay-opacity":"","overlay-gradient":""}},"footnotes":""},"categories":[1],"tags":[],"class_list":["post-25220","post","type-post","status-publish","format-standard","has-post-thumbnail","hentry","category-sin-categoria"],"_links":{"self":[{"href":"https:\/\/fmsolpeyrano.com\/index.php\/wp-json\/wp\/v2\/posts\/25220","targetHints":{"allow":["GET"]}}],"collection":[{"href":"https:\/\/fmsolpeyrano.com\/index.php\/wp-json\/wp\/v2\/posts"}],"about":[{"href":"https:\/\/fmsolpeyrano.com\/index.php\/wp-json\/wp\/v2\/types\/post"}],"author":[{"embeddable":true,"href":"https:\/\/fmsolpeyrano.com\/index.php\/wp-json\/wp\/v2\/users\/1"}],"replies":[{"embeddable":true,"href":"https:\/\/fmsolpeyrano.com\/index.php\/wp-json\/wp\/v2\/comments?post=25220"}],"version-history":[{"count":1,"href":"https:\/\/fmsolpeyrano.com\/index.php\/wp-json\/wp\/v2\/posts\/25220\/revisions"}],"predecessor-version":[{"id":25222,"href":"https:\/\/fmsolpeyrano.com\/index.php\/wp-json\/wp\/v2\/posts\/25220\/revisions\/25222"}],"wp:featuredmedia":[{"embeddable":true,"href":"https:\/\/fmsolpeyrano.com\/index.php\/wp-json\/wp\/v2\/media\/25221"}],"wp:attachment":[{"href":"https:\/\/fmsolpeyrano.com\/index.php\/wp-json\/wp\/v2\/media?parent=25220"}],"wp:term":[{"taxonomy":"category","embeddable":true,"href":"https:\/\/fmsolpeyrano.com\/index.php\/wp-json\/wp\/v2\/categories?post=25220"},{"taxonomy":"post_tag","embeddable":true,"href":"https:\/\/fmsolpeyrano.com\/index.php\/wp-json\/wp\/v2\/tags?post=25220"}],"curies":[{"name":"wp","href":"https:\/\/api.w.org\/{rel}","templated":true}]}}