{"id":23838,"date":"2026-04-30T18:17:43","date_gmt":"2026-04-30T21:17:43","guid":{"rendered":"https:\/\/fmsolpeyrano.com\/?p=23838"},"modified":"2026-04-30T18:17:43","modified_gmt":"2026-04-30T21:17:43","slug":"la-cgt-llamo-a-ponerle-un-limite-al-gobierno-de-milei-en-la-marcha-por-el-dia-del-trabajador","status":"publish","type":"post","link":"https:\/\/fmsolpeyrano.com\/index.php\/2026\/04\/30\/la-cgt-llamo-a-ponerle-un-limite-al-gobierno-de-milei-en-la-marcha-por-el-dia-del-trabajador\/","title":{"rendered":"La CGT llam\u00f3 a ponerle \u201cun l\u00edmite&#8221; al Gobierno de Milei en la marcha por el D\u00eda del Trabajador"},"content":{"rendered":"\n<p><strong>La CGT concret\u00f3 este jueves su marcha por el D\u00eda del Trabajador en la Plaza de Mayo, donde sus referentes lanzaron cr\u00edticas contra la gesti\u00f3n de Javier Milei y llamaron a \u201cponerle un l\u00edmite a este modelo que excluye\u201d<\/strong>. La protesta tuvo la adhesi\u00f3n de movimientos sociales y pol\u00edticos, con distintos referentes del peronismo en el lugar.<\/p>\n\n\n\n<p>En el acto sobre el escenario montado frente a la Casa Rosada, los oradores fueron los tres secretarios generales de la central obrera:&nbsp;<strong>Octavio Arg\u00fcello&nbsp;<\/strong>(Camioneros), C<strong>ristian Jer\u00f3nimo<\/strong>&nbsp;(Vidrio) y&nbsp;<strong>Jorge Sola&nbsp;<\/strong>(Seguros).&nbsp;<\/p>\n\n\n\n<p>Pero antes habl\u00f3 un destacado cura villero, el Padre Lorenzo &#8220;Toto&#8221; de Vedia, el p\u00e1rroco de la Parroquia Virgen de los Milagros de Caacup\u00e9 en la Villa 21-24 de Barracas. Un referente del Equipo de Sacerdotes para las villas quien no ahorr\u00f3 cr\u00edticas contra el Gobierno y con el recordatorio de su referente, Jorge Bergoglio.<\/p>\n\n\n\n<p>El siguiente orador fue&nbsp;<strong>Arg\u00fcello, quien dio el discurso con el tono m\u00e1s duro contra el Ejecutivo: \u201cLe decimos a este gobierno que no se soporta m\u00e1s que siga ajustando al pueblo, quitando derechos. Basta a este gobierno corrupto y explotador<\/strong>, lo tenemos que hacer en una unidad, es la \u00fanica forma de terminar con este flagelo\u201d, dispar\u00f3 el ladero de Hugo Moyano.<\/p>\n\n\n\n<p>Luego fue el turno de&nbsp;<strong>Jer\u00f3nimo, quien reivindic\u00f3 el comportamiento de la central obrera ante las cr\u00edticas de otros sectores : \u201cA quienes nos critican, esta CGT siempre estuvo al frente de esta lucha, a los 15 dias de este gobierno hizo el primer paro general\u201d.&nbsp;<\/strong>\u201cNo venimos a confrontar por confrontar, venimos a marcar un limite a este gobierno\u201d, agreg\u00f3.<\/p>\n\n\n\n<p>Por \u00faltimo,&nbsp;<strong>Sola dio el \u00faltimo mensaje y dijo: \u201cNos oponemos a un gobierno que es de derecha, que tiene conciencia de derecha\u201d.&nbsp;<\/strong>Adem\u00e1s, cuestion\u00f3 la baja de la pobreza que inform\u00f3 el INDEC: \u201cD\u00f3nde est\u00e1n los pibes que dicen que ya no est\u00e1n en la pobreza\u201d, se pregunt\u00f3.&nbsp;<\/p>\n\n\n\n<p>Entre los presentes, se destacaron miembros de las distintas vertientes del peronismo, desde integrantes de La C\u00e1mpora como la diputada nacional Paula Penacca, o Raquel Olmos, cercana a Juan Manuel Olmos. Hasta dirigentes de la izquierda combativa, como Alejandro Crespo del Sindicato \u00danico de Trabajadores del Neum\u00e1tico (SUTNA).&nbsp;<\/p>\n\n\n\n<p>La\u00a0Agencia Noticias Argentinas\u00a0constat\u00f3 que esta protesta, que la CGT calific\u00f3 como \u201cmasiva e \u201chist\u00f3rica\u201d,\u00a0<strong>puede ser la antesala de un nuevo paro general, el quinto en la era libertaria.<\/strong>\u00a0Depender\u00e1 del consenso interno pero, tal como admiten fuentes sindicales, de un clima social que los l\u00edderes cegetistas ven en plena ebullici\u00f3n.\u00a0<\/p>\n\n\n\n<p>En la marcha tambi\u00e9n se ley\u00f3 un documento de la CGT en el que se quej\u00f3 de \u201cun<strong>\u00a0<\/strong>gobierno que, en lugar de tender puentes de uni\u00f3n y reconocimiento, divide al pueblo, promueve el enfrentamiento, la descalificaci\u00f3n, el odio y el resentimiento, pone en riesgo la paz social\u201d.<\/p>\n\n\n\n<p>\u201cA pesar del discurso oficial, la<strong>&nbsp;<\/strong>inflaci\u00f3n sigue impactando en el poder adquisitivo de los salarios, agravado por los topes a las paritarias, que impacta en el poder adquisitivo de los salarios La realidad indica que hoy hay cierre masivo de empresas (de dic. 2023 a marzo 2026 cerraron 24.180 establecimientos, seg\u00fan datos de la Secretar\u00eda de Trabajo), con una escalada creciente del flagelo de la desocupaci\u00f3n y de la informalidad laboral\u201d, se agreg\u00f3.<\/p>\n\n\n\n<p>#AgenciaNA\u00a0<\/p>\n","protected":false},"excerpt":{"rendered":"<p>La CGT concret\u00f3 este jueves su marcha por el D\u00eda del Trabajador en la Plaza de Mayo, donde sus referentes lanzaron cr\u00edticas contra la gesti\u00f3n de Javier Milei y llamaron a \u201cponerle un l\u00edmite a este modelo que excluye\u201d. La protesta tuvo la adhesi\u00f3n de movimientos sociales y pol\u00edticos, con distintos referentes del peronismo en [&hellip;]<\/p>\n","protected":false},"author":1,"featured_media":23839,"comment_status":"closed","ping_status":"open","sticky":false,"template":"","format":"standard","meta":{"site-sidebar-layout":"default","site-content-layout":"","ast-site-content-layout":"default","site-content-style":"default","site-sidebar-style":"default","ast-global-header-display":"","ast-banner-title-visibility":"","ast-main-header-display":"","ast-hfb-above-header-display":"","ast-hfb-below-header-display":"","ast-hfb-mobile-header-display":"","site-post-title":"","ast-breadcrumbs-content":"","ast-featured-img":"","footer-sml-layout":"","ast-disable-related-posts":"","theme-transparent-header-meta":"","adv-header-id-meta":"","stick-header-meta":"","header-above-stick-meta":"","header-main-stick-meta":"","header-below-stick-meta":"","astra-migrate-meta-layouts":"set","ast-page-background-enabled":"default","ast-page-background-meta":{"desktop":{"background-color":"var(--ast-global-color-4)","background-image":"","background-repeat":"repeat","background-position":"center center","background-size":"auto","background-attachment":"scroll","background-type":"","background-media":"","overlay-type":"","overlay-color":"","overlay-opacity":"","overlay-gradient":""},"tablet":{"background-color":"","background-image":"","background-repeat":"repeat","background-position":"center center","background-size":"auto","background-attachment":"scroll","background-type":"","background-media":"","overlay-type":"","overlay-color":"","overlay-opacity":"","overlay-gradient":""},"mobile":{"background-color":"","background-image":"","background-repeat":"repeat","background-position":"center center","background-size":"auto","background-attachment":"scroll","background-type":"","background-media":"","overlay-type":"","overlay-color":"","overlay-opacity":"","overlay-gradient":""}},"ast-content-background-meta":{"desktop":{"background-color":"var(--ast-global-color-5)","background-image":"","background-repeat":"repeat","background-position":"center center","background-size":"auto","background-attachment":"scroll","background-type":"","background-media":"","overlay-type":"","overlay-color":"","overlay-opacity":"","overlay-gradient":""},"tablet":{"background-color":"var(--ast-global-color-5)","background-image":"","background-repeat":"repeat","background-position":"center center","background-size":"auto","background-attachment":"scroll","background-type":"","background-media":"","overlay-type":"","overlay-color":"","overlay-opacity":"","overlay-gradient":""},"mobile":{"background-color":"var(--ast-global-color-5)","background-image":"","background-repeat":"repeat","background-position":"center center","background-size":"auto","background-attachment":"scroll","background-type":"","background-media":"","overlay-type":"","overlay-color":"","overlay-opacity":"","overlay-gradient":""}},"footnotes":""},"categories":[1],"tags":[],"class_list":["post-23838","post","type-post","status-publish","format-standard","has-post-thumbnail","hentry","category-sin-categoria"],"_links":{"self":[{"href":"https:\/\/fmsolpeyrano.com\/index.php\/wp-json\/wp\/v2\/posts\/23838","targetHints":{"allow":["GET"]}}],"collection":[{"href":"https:\/\/fmsolpeyrano.com\/index.php\/wp-json\/wp\/v2\/posts"}],"about":[{"href":"https:\/\/fmsolpeyrano.com\/index.php\/wp-json\/wp\/v2\/types\/post"}],"author":[{"embeddable":true,"href":"https:\/\/fmsolpeyrano.com\/index.php\/wp-json\/wp\/v2\/users\/1"}],"replies":[{"embeddable":true,"href":"https:\/\/fmsolpeyrano.com\/index.php\/wp-json\/wp\/v2\/comments?post=23838"}],"version-history":[{"count":1,"href":"https:\/\/fmsolpeyrano.com\/index.php\/wp-json\/wp\/v2\/posts\/23838\/revisions"}],"predecessor-version":[{"id":23840,"href":"https:\/\/fmsolpeyrano.com\/index.php\/wp-json\/wp\/v2\/posts\/23838\/revisions\/23840"}],"wp:featuredmedia":[{"embeddable":true,"href":"https:\/\/fmsolpeyrano.com\/index.php\/wp-json\/wp\/v2\/media\/23839"}],"wp:attachment":[{"href":"https:\/\/fmsolpeyrano.com\/index.php\/wp-json\/wp\/v2\/media?parent=23838"}],"wp:term":[{"taxonomy":"category","embeddable":true,"href":"https:\/\/fmsolpeyrano.com\/index.php\/wp-json\/wp\/v2\/categories?post=23838"},{"taxonomy":"post_tag","embeddable":true,"href":"https:\/\/fmsolpeyrano.com\/index.php\/wp-json\/wp\/v2\/tags?post=23838"}],"curies":[{"name":"wp","href":"https:\/\/api.w.org\/{rel}","templated":true}]}}