{"id":23835,"date":"2026-04-30T18:11:44","date_gmt":"2026-04-30T21:11:44","guid":{"rendered":"https:\/\/fmsolpeyrano.com\/?p=23835"},"modified":"2026-04-30T18:11:44","modified_gmt":"2026-04-30T21:11:44","slug":"fuerte-movilizacion-en-rosario-por-el-dia-del-trabajador-con-duras-criticas-al-gobierno-nacional","status":"publish","type":"post","link":"https:\/\/fmsolpeyrano.com\/index.php\/2026\/04\/30\/fuerte-movilizacion-en-rosario-por-el-dia-del-trabajador-con-duras-criticas-al-gobierno-nacional\/","title":{"rendered":"Fuerte movilizaci\u00f3n en Rosario por el D\u00eda del Trabajador, con duras cr\u00edticas al gobierno nacional"},"content":{"rendered":"\n<h2 class=\"wp-block-heading\" style=\"font-size:15px\">El secretario general de la central obrera fue el \u00fanico orador del acto y llam\u00f3 a la unidad de todo el movimiento obrero, sumando tambi\u00e9n a estudiantes y jubilados, para rechazar las medidas del Gobierno. <\/h2>\n\n\n\n<p>Por\u00a0<strong>Rosario3<\/strong><a href=\"https:\/\/www.rosario3.com\/informaciongeneral\/gremios-de-rosario-se-movilizan-hoy-por-el-dia-del-trabajador-con-fuertes-criticas-al-gobierno-nacional-20260430-0008.html#\"><\/a><a href=\"https:\/\/www.rosario3.com\/informaciongeneral\/gremios-de-rosario-se-movilizan-hoy-por-el-dia-del-trabajador-con-fuertes-criticas-al-gobierno-nacional-20260430-0008.html#\"><\/a><a href=\"https:\/\/www.rosario3.com\/informaciongeneral\/gremios-de-rosario-se-movilizan-hoy-por-el-dia-del-trabajador-con-fuertes-criticas-al-gobierno-nacional-20260430-0008.html#\"><\/a><a href=\"https:\/\/www.facebook.com\/dialog\/send?app_id=798609233530383&amp;redirect_uri=https:\/\/www.rosario3.com\/informaciongeneral\/gremios-de-rosario-se-movilizan-hoy-por-el-dia-del-trabajador-con-fuertes-criticas-al-gobierno-nacional-20260430-0008.html&amp;link=https:\/\/www.rosario3.com\/informaciongeneral\/gremios-de-rosario-se-movilizan-hoy-por-el-dia-del-trabajador-con-fuertes-criticas-al-gobierno-nacional-20260430-0008.html\" target=\"_blank\" rel=\"noreferrer noopener\"><\/a><a href=\"mailto:?subject=Te%20recomiendo%20esta%20nota%20de%20Rosario3&amp;body=Lee%20esta%20nota%20de%20Rosario3:%20https:\/\/www.rosario3.com\/informaciongeneral\/gremios-de-rosario-se-movilizan-hoy-por-el-dia-del-trabajador-con-fuertes-criticas-al-gobierno-nacional-20260430-0008.html\"><\/a><\/p>\n\n\n\n<figure class=\"wp-block-image\"><img decoding=\"async\" src=\"https:\/\/www.rosario3.com\/__export\/1777575875639\/sites\/rosario3\/img\/2026\/04\/30\/movilizacion3.jpg_348582093.jpg\" alt=\"Marcha en el centro en la previa del D\u00eda del Trabajador (Alan Monz\u00f3n\/Rosario3)\"\/><\/figure>\n\n\n\n<figure class=\"wp-block-image\"><img decoding=\"async\" src=\"https:\/\/www.rosario3.com\/__export\/1777575875742\/sites\/rosario3\/img\/2026\/04\/30\/movilizacion_2.jpg_545095571.jpg\" alt=\"Marcha en el centro en la previa del D\u00eda del Trabajador (Alan Monz\u00f3n\/Rosario3)\"\/><\/figure>\n\n\n\n<figure class=\"wp-block-image\"><img decoding=\"async\" src=\"https:\/\/www.rosario3.com\/__export\/1777575875854\/sites\/rosario3\/img\/2026\/04\/30\/movilizacion4.jpg_760710429.jpg\" alt=\"Marcha en el centro en la previa del D\u00eda del Trabajador (Alan Monz\u00f3n\/Rosario3).\"\/><\/figure>\n\n\n\n<p><strong>La ciudad de Rosario fue escenario de una movilizaci\u00f3n impulsada por la CGT local en conmemoraci\u00f3n del 1\u00ba de mayo<\/strong>. El secretario general de la central obrera, Miguel Vivas, fue el \u00fanico orador con fuertes reclamos dirigidos al gobierno nacional ante la p\u00e9rdida de puestos de empleo en la provincia de Santa Fe y el avance de la reforma laboral. La jornada tuvo como objetivo la demostraci\u00f3n de unidad de los distintos sectores del movimiento obrero frente al complejo contexto econ\u00f3mico.<\/p>\n\n\n\n<p>El eje central de la movilizaci\u00f3n de este jueves fue el&nbsp;<strong>repudio a las medidas econ\u00f3micas<\/strong>&nbsp;impulsadas por la gesti\u00f3n de Javier Milei. &#8220;Yo creo que hoy tenemos que estar m\u00e1s que nada unidos, fortalecer el movimiento obrero, est\u00e9n o no est\u00e9n en la CGT, ac\u00e1 lo que nos importa hoy es la unidad, ir&nbsp;<strong>en contra de esta reforma laboral<\/strong>&nbsp;y bueno, esta pol\u00edtica de gobierno que nos est\u00e1 destruyendo a todos&#8221;, sostuvo Vivas con contundencia.<\/p>\n\n\n\n<p><a href=\"https:\/\/www.rosario3.com\/informaciongeneral\/el-municipio-hara-un-censo-repartidores-de-aplicaciones-para-mejorar-sus-condiciones-laborales-y-de-seguridad-20260428-0054.html\"><\/a><\/p>\n\n\n\n<p>En ese sentido, el secretario general profundiz\u00f3 en las consecuencias que, a su juicio, traer\u00e1 el nuevo marco normativo para los asalariados. Seg\u00fan el dirigente, el gobierno nacional &#8220;ataca, quiere dejar a los principalmente a los trabajadores muy desprotegidos, quita derechos individuales, quita derechos colectivos&#8221;. Adem\u00e1s, advirti\u00f3 sobre un embate directo contra las organizaciones sindicales: &#8220;Por supuesto&nbsp;<strong>a los sindicatos los quiere destruir, quiere destruir una herramienta que tenemos nosotros para defender esos derechos<\/strong>, que es el derecho a la huelga, que est\u00e1 en la Constituci\u00f3n Nacional, el derecho a hacer asambleas&#8221;.<\/p>\n\n\n\n<p>Vivas alert\u00f3 sobre el impacto de la crisis en el tejido productivo y las cifras de desocupaci\u00f3n que comienzan a registrarse a nivel pa\u00eds. &#8220;Tambi\u00e9n estamos en defensa de nuestra fuente de trabajo. Hoy, si miramos los \u00edndices, hay m\u00e1s de&nbsp;<strong>300 mil puestos de trabajo que han desaparecido<\/strong>&nbsp;y siguen desapareciendo&#8221;, concluy\u00f3 el representante gremial, asegurando que la gesti\u00f3n actual &#8220;principalmente a la industria nacional la est\u00e1 destruyendo&#8221;.<br>&nbsp;<\/p>\n\n\n\n<h2 class=\"wp-block-heading\">La marcha nacional<\/h2>\n\n\n\n<p><br>La CGT concret\u00f3 en la ciudad de Buenos Aires su marcha por el D\u00eda del Trabajador en la Plaza de Mayo, donde sus referentes lanzaron&nbsp;<strong>cr\u00edticas contra la gesti\u00f3n de Javier Milei y llamaron a \u201cponerle un l\u00edmite a este modelo que excluye\u201d<\/strong>. La protesta tuvo la adhesi\u00f3n de movimientos sociales y pol\u00edticos, con distintos referentes del peronismo en el lugar.<\/p>\n\n\n\n<p>En el acto sobre el escenario montado frente a la Casa Rosada, los oradores fueron los tres secretarios generales de la central obrera: Octavio Arg\u00fcello (Camioneros), Cristian Jer\u00f3nimo (Vidrio) y Jorge Sola (Seguros).<\/p>\n\n\n\n<p>Pero antes habl\u00f3 un destacado cura villero, el Padre Lorenzo &#8220;Toto&#8221; de Vedia, el p\u00e1rroco de la Parroquia Virgen de los Milagros de Caacup\u00e9 en la Villa 21-24 de Barracas. Un referente del Equipo de Sacerdotes para las villas quien&nbsp;<strong>no ahorr\u00f3 cr\u00edticas contra el Gobierno y con el recordatorio de su referente<\/strong>, Jorge Bergoglio.<\/p>\n\n\n\n<p>El siguiente orador fue Arg\u00fcello, quien dio el discurso con&nbsp;<strong>el tono m\u00e1s duro contra el Ejecutivo<\/strong>: \u201cLe decimos a este gobierno que no se soporta m\u00e1s que siga ajustando al pueblo, quitando derechos. Basta a este gobierno corrupto y explotador, lo tenemos que hacer en una unidad, es la \u00fanica forma de terminar con este flagelo\u201d, dispar\u00f3 el ladero de Hugo Moyano.<\/p>\n\n\n\n<p>Luego fue el turno de Jer\u00f3nimo, quien reivindic\u00f3 el comportamiento de la central obrera ante las cr\u00edticas de otros sectores : \u201cA quienes nos critican,&nbsp;<strong>esta CGT siempre estuvo al frente de esta lucha, a los 15 dias de este gobierno hizo el primer paro general\u201d<\/strong>. \u201cNo venimos a confrontar por confrontar, venimos a marcar un limite a este gobierno\u201d, agreg\u00f3.<\/p>\n\n\n\n<p>Por \u00faltimo, Sola dio el \u00faltimo mensaje y dijo: \u201cNos oponemos a un gobierno que es de derecha, que tiene conciencia de derecha\u201d.&nbsp;<\/p>\n\n\n\n<p>Entre los presentes, se destacaron<strong>&nbsp;miembros de las distintas vertientes del peronismo y hasta dirigentes de la izquierda combativa<\/strong>, como Alejandro Crespo del Sindicato \u00danico de Trabajadores del Neum\u00e1tico (SUTNA).<\/p>\n","protected":false},"excerpt":{"rendered":"<p>El secretario general de la central obrera fue el \u00fanico orador del acto y llam\u00f3 a la unidad de todo el movimiento obrero, sumando tambi\u00e9n a estudiantes y jubilados, para rechazar las medidas del Gobierno. Por\u00a0Rosario3 La ciudad de Rosario fue escenario de una movilizaci\u00f3n impulsada por la CGT local en conmemoraci\u00f3n del 1\u00ba de [&hellip;]<\/p>\n","protected":false},"author":1,"featured_media":23836,"comment_status":"closed","ping_status":"open","sticky":false,"template":"","format":"standard","meta":{"site-sidebar-layout":"default","site-content-layout":"","ast-site-content-layout":"default","site-content-style":"default","site-sidebar-style":"default","ast-global-header-display":"","ast-banner-title-visibility":"","ast-main-header-display":"","ast-hfb-above-header-display":"","ast-hfb-below-header-display":"","ast-hfb-mobile-header-display":"","site-post-title":"","ast-breadcrumbs-content":"","ast-featured-img":"","footer-sml-layout":"","ast-disable-related-posts":"","theme-transparent-header-meta":"","adv-header-id-meta":"","stick-header-meta":"","header-above-stick-meta":"","header-main-stick-meta":"","header-below-stick-meta":"","astra-migrate-meta-layouts":"set","ast-page-background-enabled":"default","ast-page-background-meta":{"desktop":{"background-color":"var(--ast-global-color-4)","background-image":"","background-repeat":"repeat","background-position":"center center","background-size":"auto","background-attachment":"scroll","background-type":"","background-media":"","overlay-type":"","overlay-color":"","overlay-opacity":"","overlay-gradient":""},"tablet":{"background-color":"","background-image":"","background-repeat":"repeat","background-position":"center center","background-size":"auto","background-attachment":"scroll","background-type":"","background-media":"","overlay-type":"","overlay-color":"","overlay-opacity":"","overlay-gradient":""},"mobile":{"background-color":"","background-image":"","background-repeat":"repeat","background-position":"center center","background-size":"auto","background-attachment":"scroll","background-type":"","background-media":"","overlay-type":"","overlay-color":"","overlay-opacity":"","overlay-gradient":""}},"ast-content-background-meta":{"desktop":{"background-color":"var(--ast-global-color-5)","background-image":"","background-repeat":"repeat","background-position":"center center","background-size":"auto","background-attachment":"scroll","background-type":"","background-media":"","overlay-type":"","overlay-color":"","overlay-opacity":"","overlay-gradient":""},"tablet":{"background-color":"var(--ast-global-color-5)","background-image":"","background-repeat":"repeat","background-position":"center center","background-size":"auto","background-attachment":"scroll","background-type":"","background-media":"","overlay-type":"","overlay-color":"","overlay-opacity":"","overlay-gradient":""},"mobile":{"background-color":"var(--ast-global-color-5)","background-image":"","background-repeat":"repeat","background-position":"center center","background-size":"auto","background-attachment":"scroll","background-type":"","background-media":"","overlay-type":"","overlay-color":"","overlay-opacity":"","overlay-gradient":""}},"footnotes":""},"categories":[1],"tags":[],"class_list":["post-23835","post","type-post","status-publish","format-standard","has-post-thumbnail","hentry","category-sin-categoria"],"_links":{"self":[{"href":"https:\/\/fmsolpeyrano.com\/index.php\/wp-json\/wp\/v2\/posts\/23835","targetHints":{"allow":["GET"]}}],"collection":[{"href":"https:\/\/fmsolpeyrano.com\/index.php\/wp-json\/wp\/v2\/posts"}],"about":[{"href":"https:\/\/fmsolpeyrano.com\/index.php\/wp-json\/wp\/v2\/types\/post"}],"author":[{"embeddable":true,"href":"https:\/\/fmsolpeyrano.com\/index.php\/wp-json\/wp\/v2\/users\/1"}],"replies":[{"embeddable":true,"href":"https:\/\/fmsolpeyrano.com\/index.php\/wp-json\/wp\/v2\/comments?post=23835"}],"version-history":[{"count":1,"href":"https:\/\/fmsolpeyrano.com\/index.php\/wp-json\/wp\/v2\/posts\/23835\/revisions"}],"predecessor-version":[{"id":23837,"href":"https:\/\/fmsolpeyrano.com\/index.php\/wp-json\/wp\/v2\/posts\/23835\/revisions\/23837"}],"wp:featuredmedia":[{"embeddable":true,"href":"https:\/\/fmsolpeyrano.com\/index.php\/wp-json\/wp\/v2\/media\/23836"}],"wp:attachment":[{"href":"https:\/\/fmsolpeyrano.com\/index.php\/wp-json\/wp\/v2\/media?parent=23835"}],"wp:term":[{"taxonomy":"category","embeddable":true,"href":"https:\/\/fmsolpeyrano.com\/index.php\/wp-json\/wp\/v2\/categories?post=23835"},{"taxonomy":"post_tag","embeddable":true,"href":"https:\/\/fmsolpeyrano.com\/index.php\/wp-json\/wp\/v2\/tags?post=23835"}],"curies":[{"name":"wp","href":"https:\/\/api.w.org\/{rel}","templated":true}]}}