{"id":23822,"date":"2026-04-30T10:22:11","date_gmt":"2026-04-30T13:22:11","guid":{"rendered":"https:\/\/fmsolpeyrano.com\/?p=23822"},"modified":"2026-04-30T10:22:11","modified_gmt":"2026-04-30T13:22:11","slug":"1-de-mayo-sin-asamblea-legislativa-en-santa-fe","status":"publish","type":"post","link":"https:\/\/fmsolpeyrano.com\/index.php\/2026\/04\/30\/1-de-mayo-sin-asamblea-legislativa-en-santa-fe\/","title":{"rendered":"1\u00b0 de mayo sin Asamblea Legislativa en Santa Fe"},"content":{"rendered":"\n<p>Este viernes, 1\u00b0 de Mayo, despu\u00e9s de m\u00e1s de 60 a\u00f1os, la\u00a0<strong>Legislatura de la provincia de Santa Fe<\/strong>\u00a0no abrir\u00e1 sus puertas para recibir a senadores, diputados, empleados e invitados especiales para escuchar el mensaje del gobernador en la apertura del a\u00f1o legislativo.<\/p>\n\n\n\n<p>La\u00a0<strong>reforma de la Constituci\u00f3n<\/strong>\u00a0-sancionada en septiembre del a\u00f1o pasado- ampli\u00f3 el per\u00edodo de sesiones Ordinarias que ahora se inicia el 15 de febrero y se extiende hasta el 30 de noviembre. Antes, el plazo ordinario iba del 1\u00b0 de mayo al 31 de octubre con la posibilidad de las c\u00e1maras de extenderlo al 30 de noviembre, hecho que se repiti\u00f3 en todos los a\u00f1os.Mir\u00e1 tambi\u00e9n<\/p>\n\n\n\n<p>&#8220;Ambas C\u00e1maras se re\u00fanen en sesiones Ordinarias desde el 15 de febrero hasta el 30 de noviembre de cada a\u00f1o&#8221;, marca en su primer p\u00e1rrafo el art\u00edculo 75 de la novata Constituci\u00f3n. En esa fecha,\u00a0<strong>Maximiliano Pullaro<\/strong>\u00a0fue a Legislatura para su tercer mensaje de apertura de a\u00f1o legislativo. Fue domingo, el acto fue matutino y en v\u00edsperas de un feriado largo por el Carnaval.<\/p>\n\n\n\n<p>En la historia institucional,\u00a0<strong>Santa Fe<\/strong>\u00a0tuvo varias fechas de apertura del a\u00f1o legislativo, siempre m\u00e1s limitado que el vigente. En los tiempos ordinarios, la iniciativa legislativa est\u00e1 en manos de las c\u00e1maras mientras que en extraordinario es el Poder Ejecutivo el que habilita el temario.<\/p>\n\n\n\n<p>La primera Constituci\u00f3n santafesina que fij\u00f3 como fecha de apertura el 1\u00b0 de mayo fue la de 1949, dictada en sinton\u00eda con la reforma nacional que impuls\u00f3 el gobierno de Juan Domingo Per\u00f3n. El golpe de estado de 1955 signific\u00f3 la derogaci\u00f3n de ambos textos. En Naci\u00f3n se implant\u00f3 la Carta Magna de 1853 con las sucesivas reformas y en Santa Fe la de 1907 que establec\u00eda las ordinarias entre el 1 de abril al 30 de junio.<\/p>\n\n\n\n<p>En Santa Fe, la reforma constitucional de 1962 -sancionada en v\u00edsperas del golpe de estado- estableci\u00f3 la fecha de primer d\u00eda de mayo. Fue Aldo Tessio, en 1964, el primero en ir a Legislatura en esa fecha. Hab\u00eda asumido en octubre del a\u00f1o anterior. Fue destituido en junio de 1966.<\/p>\n\n\n\n<p>El siguiente mandatario en utilizar la fecha del 1\u00b0 de mayo fue Juan Sylvestre Begnis en 1973 y repiti\u00f3 en los dos a\u00f1os siguientes. En 1976, el golpe termin\u00f3 con su mandato y lleg\u00f3 la intervenci\u00f3n federal.<\/p>\n\n\n\n<p>Con el retorno a la vida democr\u00e1tica en 1983, el justicialista Jos\u00e9 Mar\u00eda Vernet fue el primero en abrir, un 1\u00b0 de mayo, los cuatro a\u00f1os legislativos que manda la Constituci\u00f3n. Lo propio ocurri\u00f3 con V\u00edctor Reviglio; Carlos Reutemann (dos mandatos), Jorge Obeid (tambi\u00e9n dos mandatos); Hermes Binner, Antonio Bonfatti, Miguel Lifschitz y Omar Perotti.<\/p>\n\n\n\n<p>Ya Pullaro lo hizo en 2024 y 2025. En este \u00faltimo caso, ya con los 69 convencionales constituyentes electos y en su discurso plante\u00f3 los desaf\u00edos que ten\u00eda la reforma a encarar. All\u00ed, ante la Asamblea, el discurso tuvo un tono de convocatoria institucional donde hizo un llamado a construir una provincia sin privilegios. Tambi\u00e9n plante\u00f3 la necesidad de modernizar la Constituci\u00f3n de 1962 para adaptarla a los nuevos desaf\u00edos de seguridad, justicia y autonom\u00eda municipal.<\/p>\n\n\n\n<p>Hubo jornadas especiales de inicio del ciclo legislativo. As\u00ed, en 2003, Reutemann fue unos minutos al Palacio Legislativo a entregar el informe de gesti\u00f3n a las autoridades de las c\u00e1maras. La ciudad de Santa Fe estaba golpeada por la inundaci\u00f3n del Salado, con miles de evacuados y agua en las calles. Fueron muy pocos los legisladores que pudieron llegar para participar del acto que no tuvo invitados especiales, no tuvo banda de polic\u00eda ni cadena provincial.Mir\u00e1 tambi\u00e9n<\/p>\n\n\n\n<p>Los siguientes a\u00f1os fueron atravesados por determinadas protestas a los gobernantes en la Plaza Italia y de movilizaciones de partidarios de los gobiernos. La nota m\u00e1s discordante fue durante la gesti\u00f3n de Bonfatti cuando familiares de v\u00edctimas de delitos expresaron su bronca ante el propio gobernador cuando marchaba hacia la Legislatura.<\/p>\n\n\n\n<p>Despu\u00e9s, ya con Perotti, en las apertura de 2020 y 2021 marcados por el aislamiento dictado por el Covid. Este viernes, la Plaza Italia ser\u00e1 utilizada por familias y adolescentes para tomar mate y andar en bicicleta como ocurre en domingos y feriados. En el Palacio Legislativo, solo estar\u00e1 la guardia policial y no habr\u00e1 operativo de tr\u00e1nsito para corte de calles como ocurr\u00eda cada 1 de mayo.<\/p>\n\n\n\n<h2 class=\"wp-block-heading\"><strong>Fechas<\/strong><\/h2>\n\n\n\n<p>La fecha del 1\u00b0 de mayo tiene dos connotaciones: el pronunciamiento de Urquiza en 1851 contra el gobierno de Rosas y la sanci\u00f3n de la Constituci\u00f3n nacional dos a\u00f1os despu\u00e9s. La mayor\u00eda de las provincias adoptaron dicha fecha aunque luego con las reformas a partir de 1984, fueron difiriendo la fecha de mensaje de los gobernadores.<\/p>\n\n\n\n<p>En la Naci\u00f3n, la reforma de 1994 llev\u00f3 la apertura al 1 de marzo. Ahora, Santa Fe defini\u00f3 el 15 de febrero, fecha que apunt\u00f3 a evitar la superposici\u00f3n con el acto nacional.<\/p>\n","protected":false},"excerpt":{"rendered":"<p>Este viernes, 1\u00b0 de Mayo, despu\u00e9s de m\u00e1s de 60 a\u00f1os, la\u00a0Legislatura de la provincia de Santa Fe\u00a0no abrir\u00e1 sus puertas para recibir a senadores, diputados, empleados e invitados especiales para escuchar el mensaje del gobernador en la apertura del a\u00f1o legislativo. La\u00a0reforma de la Constituci\u00f3n\u00a0-sancionada en septiembre del a\u00f1o pasado- ampli\u00f3 el per\u00edodo de [&hellip;]<\/p>\n","protected":false},"author":1,"featured_media":23823,"comment_status":"closed","ping_status":"open","sticky":false,"template":"","format":"standard","meta":{"site-sidebar-layout":"default","site-content-layout":"","ast-site-content-layout":"default","site-content-style":"default","site-sidebar-style":"default","ast-global-header-display":"","ast-banner-title-visibility":"","ast-main-header-display":"","ast-hfb-above-header-display":"","ast-hfb-below-header-display":"","ast-hfb-mobile-header-display":"","site-post-title":"","ast-breadcrumbs-content":"","ast-featured-img":"","footer-sml-layout":"","ast-disable-related-posts":"","theme-transparent-header-meta":"","adv-header-id-meta":"","stick-header-meta":"","header-above-stick-meta":"","header-main-stick-meta":"","header-below-stick-meta":"","astra-migrate-meta-layouts":"set","ast-page-background-enabled":"default","ast-page-background-meta":{"desktop":{"background-color":"var(--ast-global-color-4)","background-image":"","background-repeat":"repeat","background-position":"center center","background-size":"auto","background-attachment":"scroll","background-type":"","background-media":"","overlay-type":"","overlay-color":"","overlay-opacity":"","overlay-gradient":""},"tablet":{"background-color":"","background-image":"","background-repeat":"repeat","background-position":"center center","background-size":"auto","background-attachment":"scroll","background-type":"","background-media":"","overlay-type":"","overlay-color":"","overlay-opacity":"","overlay-gradient":""},"mobile":{"background-color":"","background-image":"","background-repeat":"repeat","background-position":"center center","background-size":"auto","background-attachment":"scroll","background-type":"","background-media":"","overlay-type":"","overlay-color":"","overlay-opacity":"","overlay-gradient":""}},"ast-content-background-meta":{"desktop":{"background-color":"var(--ast-global-color-5)","background-image":"","background-repeat":"repeat","background-position":"center center","background-size":"auto","background-attachment":"scroll","background-type":"","background-media":"","overlay-type":"","overlay-color":"","overlay-opacity":"","overlay-gradient":""},"tablet":{"background-color":"var(--ast-global-color-5)","background-image":"","background-repeat":"repeat","background-position":"center center","background-size":"auto","background-attachment":"scroll","background-type":"","background-media":"","overlay-type":"","overlay-color":"","overlay-opacity":"","overlay-gradient":""},"mobile":{"background-color":"var(--ast-global-color-5)","background-image":"","background-repeat":"repeat","background-position":"center center","background-size":"auto","background-attachment":"scroll","background-type":"","background-media":"","overlay-type":"","overlay-color":"","overlay-opacity":"","overlay-gradient":""}},"footnotes":""},"categories":[1],"tags":[],"class_list":["post-23822","post","type-post","status-publish","format-standard","has-post-thumbnail","hentry","category-sin-categoria"],"_links":{"self":[{"href":"https:\/\/fmsolpeyrano.com\/index.php\/wp-json\/wp\/v2\/posts\/23822","targetHints":{"allow":["GET"]}}],"collection":[{"href":"https:\/\/fmsolpeyrano.com\/index.php\/wp-json\/wp\/v2\/posts"}],"about":[{"href":"https:\/\/fmsolpeyrano.com\/index.php\/wp-json\/wp\/v2\/types\/post"}],"author":[{"embeddable":true,"href":"https:\/\/fmsolpeyrano.com\/index.php\/wp-json\/wp\/v2\/users\/1"}],"replies":[{"embeddable":true,"href":"https:\/\/fmsolpeyrano.com\/index.php\/wp-json\/wp\/v2\/comments?post=23822"}],"version-history":[{"count":1,"href":"https:\/\/fmsolpeyrano.com\/index.php\/wp-json\/wp\/v2\/posts\/23822\/revisions"}],"predecessor-version":[{"id":23824,"href":"https:\/\/fmsolpeyrano.com\/index.php\/wp-json\/wp\/v2\/posts\/23822\/revisions\/23824"}],"wp:featuredmedia":[{"embeddable":true,"href":"https:\/\/fmsolpeyrano.com\/index.php\/wp-json\/wp\/v2\/media\/23823"}],"wp:attachment":[{"href":"https:\/\/fmsolpeyrano.com\/index.php\/wp-json\/wp\/v2\/media?parent=23822"}],"wp:term":[{"taxonomy":"category","embeddable":true,"href":"https:\/\/fmsolpeyrano.com\/index.php\/wp-json\/wp\/v2\/categories?post=23822"},{"taxonomy":"post_tag","embeddable":true,"href":"https:\/\/fmsolpeyrano.com\/index.php\/wp-json\/wp\/v2\/tags?post=23822"}],"curies":[{"name":"wp","href":"https:\/\/api.w.org\/{rel}","templated":true}]}}