{"id":23818,"date":"2026-04-29T18:48:38","date_gmt":"2026-04-29T21:48:38","guid":{"rendered":"https:\/\/fmsolpeyrano.com\/?p=23818"},"modified":"2026-04-29T18:48:38","modified_gmt":"2026-04-29T21:48:38","slug":"adorni-en-diputados-no-cometi-ningun-delito-y-voy-a-probarlo-en-la-justicia","status":"publish","type":"post","link":"https:\/\/fmsolpeyrano.com\/index.php\/2026\/04\/29\/adorni-en-diputados-no-cometi-ningun-delito-y-voy-a-probarlo-en-la-justicia\/","title":{"rendered":"Adorni en Diputados: &#8220;No comet\u00ed ning\u00fan delito y voy a probarlo en la Justicia&#8221;"},"content":{"rendered":"\n<h2 class=\"wp-block-heading\" style=\"font-size:15px\">El jefe de Gabinete dio su informe de gesti\u00f3n y sobre el final respondi\u00f3 a las denuncias por supuesto enriquecimiento il\u00edcito y el viaje oficial con su esposa. Tras una hora y media, en un Congreso vallado y con fuerte apoyo del presidente y sus ministros, la sesi\u00f3n pas\u00f3 a un cuarto intermedio. Al regreso, los diputados iniciaron la ronda de preguntas al funcionario. Segu\u00ed la sesi\u00f3n en vivo<\/h2>\n\n\n\n<p>Por&nbsp;<strong>Rosario3<\/strong><a href=\"https:\/\/www.rosario3.com\/politica\/adorni-expone-en-diputados-en-medio-de-la-polemica-por-su-patrimonio-milei-en-el-palco-y-mas-de-4.800-preguntas-20260428-0071.html#\"><\/a><a href=\"https:\/\/www.rosario3.com\/politica\/adorni-expone-en-diputados-en-medio-de-la-polemica-por-su-patrimonio-milei-en-el-palco-y-mas-de-4.800-preguntas-20260428-0071.html#\"><\/a><a href=\"https:\/\/www.rosario3.com\/politica\/adorni-expone-en-diputados-en-medio-de-la-polemica-por-su-patrimonio-milei-en-el-palco-y-mas-de-4.800-preguntas-20260428-0071.html#\"><\/a><a href=\"https:\/\/www.facebook.com\/dialog\/send?app_id=798609233530383&amp;redirect_uri=https:\/\/www.rosario3.com\/politica\/adorni-expone-en-diputados-en-medio-de-la-polemica-por-su-patrimonio-milei-en-el-palco-y-mas-de-4.800-preguntas-20260428-0071.html&amp;link=https:\/\/www.rosario3.com\/politica\/adorni-expone-en-diputados-en-medio-de-la-polemica-por-su-patrimonio-milei-en-el-palco-y-mas-de-4.800-preguntas-20260428-0071.html\" target=\"_blank\" rel=\"noreferrer noopener\"><\/a><a href=\"mailto:?subject=Te%20recomiendo%20esta%20nota%20de%20Rosario3&amp;body=Lee%20esta%20nota%20de%20Rosario3:%20https:\/\/www.rosario3.com\/politica\/adorni-expone-en-diputados-en-medio-de-la-polemica-por-su-patrimonio-milei-en-el-palco-y-mas-de-4.800-preguntas-20260428-0071.html\"><\/a><\/p>\n\n\n\n<p><strong>&#8220;No comet\u00ed ning\u00fan delito y voy a probarlo en la justicia&#8221;, dijo el jefe de Gabinete Manuel Adorni&nbsp;<\/strong>en el tramo final de su exposici\u00f3n ante la C\u00e1mara de Diputados que comenz\u00f3 minutos antes de las 11 de este mi\u00e9rcoles y se prolong\u00f3 por una hora y media.<\/p>\n\n\n\n<p>La cita es para dar un informe de gesti\u00f3n del gobierno pero, antes del cierre de su presentaci\u00f3n, Adorni&nbsp;<strong>respondi\u00f3 a algunos de los cuestionamientos y denuncias en su contra por viajes al exterior y supuesto enriquecimiento il\u00edcito.<\/strong><\/p>\n\n\n\n<p><strong>\u201cNo existi\u00f3 delito ni irregularidad\u201d, dijo sobre el viaje con su esposa a Estados Unidos en el avi\u00f3n oficial<\/strong>. Adem\u00e1s, afirm\u00f3 que viajes al exterior que \u00e9l primero ocult\u00f3 y despu\u00e9s reconoci\u00f3 &#8220;no fueron financiados por terceros ni de obsequios de ning\u00fan tipo&#8221;.<\/p>\n\n\n\n<p>Adorni sostuvo que&nbsp;<strong>la causa por el viaje oficial a Miami y Nueva York, en el que particip\u00f3 su esposa, fue archivada<\/strong>&nbsp;por el fiscal y el juez federal intervinientes. Seg\u00fan su interpretaci\u00f3n, el Poder Judicial concluy\u00f3 que no hubo gastos para el Estado ni incumplimientos normativos.<\/p>\n\n\n\n<p>Adem\u00e1s, el funcionario investigado por sus viajes y sus bienes asegur\u00f3 que&nbsp;<strong>\u201cnunca ocult\u00f3 su patrimonio\u201d y atribuy\u00f3 las acusaciones a \u201coperaciones pol\u00edticas\u201d.<\/strong><\/p>\n\n\n\n<p>El funcionario<strong>&nbsp;calific\u00f3 de &#8220;tendenciosas y falsas&#8221; las acusaciones de haber recibido d\u00e1divas o alguna otra compensaci\u00f3n ilegal por su accionar<\/strong>. &#8220;Han sacado conclusiones equivocadas&#8221;, agreg\u00f3 sobre la sucesi\u00f3n de gastos en d\u00f3lares, compra de viviendas y lujos en el exterior.&nbsp;<\/p>\n\n\n\n<p><strong>&#8220;No comet\u00ed ning\u00fan delito y voy a probarlo en la justicia&#8221;,&nbsp;<\/strong>concluy\u00f3 y agredeci\u00f3 al presidente Javier Milei y a su hermana Karina, presentes en un palco de la c\u00e1mara baja.&nbsp;<\/p>\n\n\n\n<p>Pasadas las 12.20, la sesi\u00f3n pas\u00f3 a un cuarto intermedio.&nbsp;<strong>A las 12.37, se retom\u00f3 el segundo tramo de la jornada para la ronda de las preguntas de los diputados.<\/strong><\/p>\n\n\n\n<h2 class=\"wp-block-heading\"><strong>&#8220;Todos los ciudadanos son inocentes hasta que la justicia demuestre lo contrario&#8221;<\/strong><\/h2>\n\n\n\n<p>Si bien en la primera hora de su exposici\u00f3n se dedic\u00f3 a leer el informe de gesti\u00f3n y no respondi\u00f3 preguntas sobre el crecimiento de su patrimonio,&nbsp;<strong>el jefe de Gabinete Manuel Adorni destac\u00f3 que &#8220;todos los ciudadanos son inocentes hasta que la justicia demuestre lo contrario&#8221;.<\/strong><\/p>\n\n\n\n<p>El funcionario&nbsp;<strong>defendi\u00f3 con esa frase la sanci\u00f3n de la ley de inocencia fiscal pero pareci\u00f3 hablar de su propia situaci\u00f3n judicial<\/strong>, ya que est\u00e1 denunciado por enriquecimiento il\u00edcito por la compra de departamentos y viajes al exterior que no se condicen con sus ingresos declarados<\/p>\n\n\n\n<p>&#8220;Por primera vez en la historia se logr\u00f3&nbsp;<strong>la ley de inocencia fiscal que permite volcar en la econom\u00eda los ahorros de los argentinos&#8221;<\/strong>, dijo.<\/p>\n\n\n\n<p>&#8220;En Argentina nos acostumbramos a vivir bajo un r\u00e9gimen persecutorio donde<strong>&nbsp;quien ahorraba para resguardarse era visto como un delincuente&#8221;<\/strong>, agreg\u00f3 Adorni, quien se niega a dar explicaciones p\u00fablicas por su caso.<\/p>\n\n\n\n<figure class=\"wp-block-image\" id=\"cnt_img_5063\"><img decoding=\"async\" src=\"https:\/\/www.rosario3.com\/__export\/1777474310776\/sites\/rosario3\/img\/2026\/04\/29\/whatsapp_image_2026-04-29_at_11_14_47.jpeg_674994428.jpeg\" alt=\"El presidente, su hermana y ministros en el palco.\" title=\"El presidente, su hermana y ministros en el palco.\"\/><figcaption class=\"wp-element-caption\">El presidente, su hermana y ministros en el palco.<\/figcaption><\/figure>\n\n\n\n<p>Adorni dijo que&nbsp;<strong>&#8220;en lugar de ser potenciales sospechosos, todos los ciudadanos son inocentes hasta que la justicia demuestre lo contrario&#8221;.<\/strong><\/p>\n\n\n\n<p>Tom\u00f3 un vaso de agua, mir\u00f3 al auditorio y recibi\u00f3 el aplauso de los oficialistas,&nbsp;<strong>del gabinete a pleno y del presidente Javier Milei que mostr\u00f3 un fuerte respaldo al funcionario acusado por enriquecimiento il\u00edcito.<\/strong><\/p>\n\n\n\n<h2 class=\"wp-block-heading\"><strong>Fuerte apoyo del gobierno<\/strong><\/h2>\n\n\n\n<p>Con apoyo del presidente Javier Milei y buena parte del gobierno, el jefe de Gabinete de la Naci\u00f3n, Manuel Adorni, enfrenta este&nbsp;<strong>mi\u00e9rcoles&nbsp;<\/strong>un extenso interrogatorio en la&nbsp;<strong>C\u00e1mara de Diputados. La sesi\u00f3n comenz\u00f3 a las 10.41 ante un intenso operativo de seguridad.&nbsp;<\/strong><\/p>\n\n\n\n<p>Si bien el marco es la presentaci\u00f3n de su informe de gesti\u00f3n, qued\u00f3 atravesado por&nbsp;<strong>la investigaci\u00f3n judicial en curso sobre su presunto crecimiento patrimonial<\/strong>.<\/p>\n\n\n\n<p><strong>Adorni lleg\u00f3 al Congreso a las 8.50 y fue recibido por el presidente de la C\u00e1mara, Mart\u00edn Menem,<\/strong>&nbsp;con quien dialog\u00f3 sobre aspectos del informe que brinda desde las 10.30 en el recinto de sesiones.&nbsp;<\/p>\n\n\n\n<figure class=\"wp-block-image\" id=\"cnt_img_9326\"><img decoding=\"async\" src=\"https:\/\/www.rosario3.com\/__export\/1777473979195\/sites\/rosario3\/img\/2026\/04\/29\/milei_y_gabinete_1.jpg_674994428.jpg\" alt=\"\u00a0Presidencia de la Naci\u00f3n\" title=\"\u00a0Presidencia de la Naci\u00f3n\"\/><figcaption class=\"wp-element-caption\">.&nbsp;Presidencia de la Naci\u00f3n<\/figcaption><\/figure>\n\n\n\n<p>Se estima que la exposici\u00f3n del funcionario, m\u00e1s las preguntas posteriores de los diputados, durar\u00e1 hasta seis horas.<\/p>\n\n\n\n<p>La sesi\u00f3n cuenta con un&nbsp;<strong>fuerte respaldo pol\u00edtico del oficialismo<\/strong>, encabezado por Milei, quien arrib\u00f3 al Congreso pasadas las 10, la secretaria general Karina Milei y<strong>&nbsp;gran parte del Gabinete<\/strong>, adem\u00e1s de dirigentes provinciales, senadores y militantes&nbsp;<strong>en los palcos<\/strong>.<\/p>\n\n\n\n<p>El ministro del Interior, Diego Santilli; de Econom\u00eda, Luis Caputo; el asesor Santiago Caputo.&nbsp;y el de Desregulaci\u00f3n, Federico Sturzenegger se sumaron al operativo de apoyo.<\/p>\n\n\n\n<p>Tambi\u00e9n est\u00e1n presentes la ministra de Seguridad, Alejandra Monteoliva; de Justicia, Juan Bautista Mahiques; de Capital Humano, Sandra Pettovello; de Salud, Mario Lugones; la secretaria Legal y T\u00e9cnica, Mar\u00eda Ibarzabal Murphy, y Eduardo \u201cLule\u201d Menem, en medio de un clima de fuerte tensi\u00f3n con la oposici\u00f3n.<\/p>\n\n\n\n<p>El funcionario, que<strong>&nbsp;no habla p\u00fablicamente desde el 25 de marzo<\/strong>, cuando brind\u00f3 su \u00faltima conferencia en Casa Rosada, sostuvo entonces que solo responder\u00e1 \u201cante un juez\u201d y desestim\u00f3 las cr\u00edticas al calificarlas como planteos de \u201capenas periodistas\u201d.<\/p>\n\n\n\n<figure class=\"wp-block-image\" id=\"cnt_img_5469\"><img decoding=\"async\" src=\"https:\/\/www.rosario3.com\/__export\/1777413654066\/sites\/rosario3\/img\/2026\/04\/28\/g1nt0cbw0aa0u8b.jpg_956867179.jpg\" alt=\"\u00a0El oficialismo saldr\u00e1 a respaldar a pleno al jefe de Gabinete.\" title=\"\u00a0El oficialismo saldr\u00e1 a respaldar a pleno al jefe de Gabinete.\"\/><figcaption class=\"wp-element-caption\">El oficialismo saldr\u00e1 a respaldar a pleno al jefe de Gabinete.<\/figcaption><\/figure>\n\n\n\n<h2 class=\"wp-block-heading\">La sesi\u00f3n<\/h2>\n\n\n\n<p><br>Seg\u00fan public\u00f3 el diario La Naci\u00f3n, el esquema de la sesi\u00f3n de este mi\u00e9rcoles prev\u00e9 una&nbsp;<strong>exposici\u00f3n inicial de una hora<\/strong>. Luego, los&nbsp;<strong>diputados dispondr\u00e1n de 240 minutos (cuatro horas) para formular preguntas<\/strong>, distribuidos seg\u00fan el tama\u00f1o de los bloques: comenzar\u00e1n los m\u00e1s peque\u00f1os, seguir\u00e1n los intermedios y cerrar\u00e1n Uni\u00f3n por la Patria y el oficialismo.<\/p>\n\n\n\n<p><strong>Adorni responder\u00e1 en tandas de 20 minutos<\/strong>. En total, se estima que la sesi\u00f3n se extender\u00e1 durante unas seis horas.<\/p>\n\n\n\n<p>La oposici\u00f3n intuye que el despliegue del oficialismo podr\u00eda derivar en un abuso de<strong>&nbsp;exhibici\u00f3n militante y partidaria<\/strong>, con una escenograf\u00eda m\u00e1s propia de una Asamblea Legislativa que de un informe de gesti\u00f3n.<\/p>\n\n\n\n<h2 class=\"wp-block-heading\">Diputados oficializ\u00f3 la sesi\u00f3n informativa: Adorni expondr\u00e1 el mi\u00e9rcoles con Milei en el recinto<a href=\"https:\/\/www.rosario3.com\/informaciongeneral\/diputados-oficializo-la-sesion-informativa-adorni-expondra-el-miercoles-con-milei-en-el-recinto-20260427-0042.html\"><\/a><a href=\"https:\/\/www.rosario3.com\/informaciongeneral\/el-nivel-de-desaprobacion-a-la-gestion-de-milei-sube-al-606--segun-una-encuesta-20260426-0030.html\"><\/a><\/h2>\n\n\n\n<p>En ese contexto, los diputados nacionales Maximiliano Ferraro, M\u00f3nica Frade y Esteban Paul\u00f3n enviaron cartas al presidente de la C\u00e1mara, Mart\u00edn Menem, para<strong>&nbsp;que aclare si los invitados llenar\u00e1n los palcos de militantes<\/strong>. No hubo respuesta oficial.<\/p>\n\n\n\n<p>En el bloque de Uni\u00f3n por la Patria&nbsp;<strong>hubo una reuni\u00f3n la semana pasada entre una docena de legisladores para ver si se pod\u00eda unificar una estrategia&nbsp;<\/strong>para abordar al funcionario.<\/p>\n\n\n\n<p>Algunos sosten\u00edan que hab\u00eda que concentrar el interrogatorio en los asuntos vinculados al presunto enriquecimiento il\u00edcito del funcionario,&nbsp;<strong>aprovechando que el tema sigue candente en la opini\u00f3n p\u00fablica<\/strong>; otros consideraron que se trataba de una t\u00e1ctica equivocada, porque Adorni pod\u00eda aprovechar para recordar los&nbsp;<strong>casos de corrupci\u00f3n del kirchnerismo<\/strong>, metiendo a todos en el mismo barro.<\/p>\n\n\n\n<p>Como resultado de estas discrepancias, no habr\u00e1 un orden de los opositores para \u201cacorralar\u201d a Adorni y el asunto&nbsp;<strong>quedar\u00e1 al libre albedr\u00edo<\/strong>.<\/p>\n\n\n\n<h2 class=\"wp-block-heading\">Las causas<\/h2>\n\n\n\n<p><br>La<strong>&nbsp;situaci\u00f3n judicial de Manuel Adorni muestra dos frentes bien distintos<\/strong>. Por un lado, el juez Daniel Rafecas&nbsp;<strong>archiv\u00f3 recientemente la causa por presunta malversaci\u00f3n de caudales p\u00fablicos&nbsp;<\/strong>vinculada al viaje a Estados Unidos que el funcionario realiz\u00f3 junto al presidente Javier Milei, en el que particip\u00f3 su esposa, Bettina Angeletti. La fiscal Alejandra Mangano concluy\u00f3 que no hubo delito, ya que la presencia de la coach ontol\u00f3gica&nbsp;<strong>no implic\u00f3 un gasto adicional para el Estado<\/strong>, lo que signific\u00f3 un alivio para el funcionario.<\/p>\n\n\n\n<p>En contraste, la investigaci\u00f3n por presunto enriquecimiento il\u00edcito,&nbsp;<strong>a cargo del juez Ariel Lijo y con impulso del fiscal Gerardo Pollicita, avanza con medidas de prueba relevantes<\/strong>. La Justicia orden\u00f3 levantar el secreto bancario y fiscal de Adorni, de su esposa, de la empresa compartida (AS Innovaci\u00f3n Profesional) y de personas vinculadas a la compra de un departamento en Caballito. El foco est\u00e1 puesto en&nbsp;<strong>determinar si existe una evoluci\u00f3n patrimonial incompatible con los ingresos declarados<\/strong>.<\/p>\n\n\n\n<p>Seg\u00fan cuestiona la oposici\u00f3n,&nbsp;<strong>los gastos y adquisiciones del funcionario no tendr\u00edan correlato con sus ingresos formales<\/strong>: en dos a\u00f1os habr\u00eda realizado desembolsos en efectivo superiores a sus ahorros declarados, incorporado propiedades y asumido deudas significativas en d\u00f3lares. A esto se suman posibles contradicciones en sus declaraciones p\u00fablicas sobre viajes y otros episodios bajo an\u00e1lisis pol\u00edtico y judicial, que alimentan las sospechas y ampl\u00edan el alcance de las investigaciones en curso<\/p>\n","protected":false},"excerpt":{"rendered":"<p>El jefe de Gabinete dio su informe de gesti\u00f3n y sobre el final respondi\u00f3 a las denuncias por supuesto enriquecimiento il\u00edcito y el viaje oficial con su esposa. Tras una hora y media, en un Congreso vallado y con fuerte apoyo del presidente y sus ministros, la sesi\u00f3n pas\u00f3 a un cuarto intermedio. Al regreso, [&hellip;]<\/p>\n","protected":false},"author":1,"featured_media":23820,"comment_status":"closed","ping_status":"open","sticky":false,"template":"","format":"standard","meta":{"site-sidebar-layout":"default","site-content-layout":"","ast-site-content-layout":"default","site-content-style":"default","site-sidebar-style":"default","ast-global-header-display":"","ast-banner-title-visibility":"","ast-main-header-display":"","ast-hfb-above-header-display":"","ast-hfb-below-header-display":"","ast-hfb-mobile-header-display":"","site-post-title":"","ast-breadcrumbs-content":"","ast-featured-img":"","footer-sml-layout":"","ast-disable-related-posts":"","theme-transparent-header-meta":"","adv-header-id-meta":"","stick-header-meta":"","header-above-stick-meta":"","header-main-stick-meta":"","header-below-stick-meta":"","astra-migrate-meta-layouts":"set","ast-page-background-enabled":"default","ast-page-background-meta":{"desktop":{"background-color":"var(--ast-global-color-4)","background-image":"","background-repeat":"repeat","background-position":"center center","background-size":"auto","background-attachment":"scroll","background-type":"","background-media":"","overlay-type":"","overlay-color":"","overlay-opacity":"","overlay-gradient":""},"tablet":{"background-color":"","background-image":"","background-repeat":"repeat","background-position":"center center","background-size":"auto","background-attachment":"scroll","background-type":"","background-media":"","overlay-type":"","overlay-color":"","overlay-opacity":"","overlay-gradient":""},"mobile":{"background-color":"","background-image":"","background-repeat":"repeat","background-position":"center center","background-size":"auto","background-attachment":"scroll","background-type":"","background-media":"","overlay-type":"","overlay-color":"","overlay-opacity":"","overlay-gradient":""}},"ast-content-background-meta":{"desktop":{"background-color":"var(--ast-global-color-5)","background-image":"","background-repeat":"repeat","background-position":"center center","background-size":"auto","background-attachment":"scroll","background-type":"","background-media":"","overlay-type":"","overlay-color":"","overlay-opacity":"","overlay-gradient":""},"tablet":{"background-color":"var(--ast-global-color-5)","background-image":"","background-repeat":"repeat","background-position":"center center","background-size":"auto","background-attachment":"scroll","background-type":"","background-media":"","overlay-type":"","overlay-color":"","overlay-opacity":"","overlay-gradient":""},"mobile":{"background-color":"var(--ast-global-color-5)","background-image":"","background-repeat":"repeat","background-position":"center center","background-size":"auto","background-attachment":"scroll","background-type":"","background-media":"","overlay-type":"","overlay-color":"","overlay-opacity":"","overlay-gradient":""}},"footnotes":""},"categories":[1],"tags":[],"class_list":["post-23818","post","type-post","status-publish","format-standard","has-post-thumbnail","hentry","category-sin-categoria"],"_links":{"self":[{"href":"https:\/\/fmsolpeyrano.com\/index.php\/wp-json\/wp\/v2\/posts\/23818","targetHints":{"allow":["GET"]}}],"collection":[{"href":"https:\/\/fmsolpeyrano.com\/index.php\/wp-json\/wp\/v2\/posts"}],"about":[{"href":"https:\/\/fmsolpeyrano.com\/index.php\/wp-json\/wp\/v2\/types\/post"}],"author":[{"embeddable":true,"href":"https:\/\/fmsolpeyrano.com\/index.php\/wp-json\/wp\/v2\/users\/1"}],"replies":[{"embeddable":true,"href":"https:\/\/fmsolpeyrano.com\/index.php\/wp-json\/wp\/v2\/comments?post=23818"}],"version-history":[{"count":1,"href":"https:\/\/fmsolpeyrano.com\/index.php\/wp-json\/wp\/v2\/posts\/23818\/revisions"}],"predecessor-version":[{"id":23821,"href":"https:\/\/fmsolpeyrano.com\/index.php\/wp-json\/wp\/v2\/posts\/23818\/revisions\/23821"}],"wp:featuredmedia":[{"embeddable":true,"href":"https:\/\/fmsolpeyrano.com\/index.php\/wp-json\/wp\/v2\/media\/23820"}],"wp:attachment":[{"href":"https:\/\/fmsolpeyrano.com\/index.php\/wp-json\/wp\/v2\/media?parent=23818"}],"wp:term":[{"taxonomy":"category","embeddable":true,"href":"https:\/\/fmsolpeyrano.com\/index.php\/wp-json\/wp\/v2\/categories?post=23818"},{"taxonomy":"post_tag","embeddable":true,"href":"https:\/\/fmsolpeyrano.com\/index.php\/wp-json\/wp\/v2\/tags?post=23818"}],"curies":[{"name":"wp","href":"https:\/\/api.w.org\/{rel}","templated":true}]}}