{"id":23792,"date":"2026-04-28T12:27:30","date_gmt":"2026-04-28T15:27:30","guid":{"rendered":"https:\/\/fmsolpeyrano.com\/?p=23792"},"modified":"2026-04-28T12:27:30","modified_gmt":"2026-04-28T15:27:30","slug":"baja-ocupacion-en-los-destinos-turisticos-por-el-fin-de-semana-largo-es-nula","status":"publish","type":"post","link":"https:\/\/fmsolpeyrano.com\/index.php\/2026\/04\/28\/baja-ocupacion-en-los-destinos-turisticos-por-el-fin-de-semana-largo-es-nula\/","title":{"rendered":"Baja ocupaci\u00f3n en los destinos tur\u00edsticos por el fin de semana largo: &#8220;Es nula&#8221;"},"content":{"rendered":"\n<h2 class=\"wp-block-heading\" style=\"font-size:15px\">Desde el sector tur\u00edstico marplatense sostienen que las reservas para el fin de semana del D\u00eda del Trabajador son nulas. Se mantiene la afluencia en destinos premium.&nbsp;<\/h2>\n\n\n\n<p>Este fin de semana largo podr\u00eda transformarse en una nueva foto de una\u00a0econom\u00eda de dos velocidades. Seg\u00fan un relevamiento, destinos populares como\u00a0<strong>Mar del Plata<\/strong>\u00a0y\u00a0<strong>Villa Gesell<\/strong>\u00a0casi\u00a0<strong>no tienen reservas<\/strong>\u00a0en la previa del fin de semana largo del\u00a0<em>D\u00eda del Trabajador<\/em>. Esta situaci\u00f3n se revierte en destinos premium, como los centros de esqu\u00ed del sur argentino, donde se espera un alto nivel de concurrencia.\u00a0<\/p>\n\n\n\n<p>Seg\u00fan un relevamiento realizado por la agencia&nbsp;<em>Noticias Argentinas<\/em>, el nivel de reservas es&nbsp;<strong>pr\u00e1cticamente nulo en la costa atl\u00e1ntica bonaerense, en las zonas serranas y en el norte del pa\u00eds.<\/strong>&nbsp;En tierras marplatenses&nbsp;tiene todos los hoteles con lugar para albergar turistas durante el fin de semana largo que comienza el viernes pr\u00f3ximo.<\/p>\n\n\n\n<p>\u201cEstos fines de semana hist\u00f3ricamente serv\u00edan no solo para el presente, sino que muchos turistas los aprovechaban para planificar las vacaciones de invierno, algo que ya no existe m\u00e1s. Con estos n\u00fameros y el nivel de gastos que viene teniendo la gente,<strong>&nbsp;todo indica que ser\u00eda una de las peores temporadas de la historia<\/strong>\u201d, le dijo a la Agencia NA un operador tur\u00edstico de la ciudad de Mar del Plata.<\/p>\n\n\n\n<figure class=\"wp-block-image is-resized\"><img decoding=\"async\" src=\"https:\/\/cdn.eldestapeweb.com\/eldestape\/012025\/1736273113703\/mar-del-plata-lobo-marino-jpg..webp?cw=375&amp;ch=211&amp;extw=jpg\" alt=\"Mar del Plata tuvo su peor temporada desde el fin de la pandemia\" style=\"width:738px;height:auto\"\/><\/figure>\n\n\n\n<p><a href=\"https:\/\/www.eldestapeweb.com\/economia\/mar-del-plata\/mar-del-plata-tuvo-su-peor-temporada-desde-el-fin-de-la-pandemia-menos-turistas-y-caida-del-consumo-202631284419?utm_medium=internal&amp;utm_source=Notapropia&amp;utm_campaign=Nota_Propia\"><\/a><\/p>\n\n\n\n<p>Lo mismo que pasa en Mar del Plata sucede en&nbsp;<strong>Villa Gesell, Pinamar y el Partido de La Costa<\/strong>. Muchos esperan que la gente, a \u00faltimo momento y teniendo en cuenta el clima y otras cuestiones, pueda definir viajar hacia alguno de esos centros tur\u00edsticos. En el norte,<strong>&nbsp;solo las Cataratas del Iguaz\u00fa tienen un alto nivel de reservas<\/strong>, llegando casi al 70 por ciento, aunque todav\u00eda hay lugar para quienes quieran ir.<\/p>\n\n\n\n<p><strong>Los centros tur\u00edsticos de esqu\u00ed son la excepci\u00f3n a la regla para este fin de semana largo<\/strong>, ya que tienen un alto nivel de reservas; muchos de ellos vienen con arrastre de la semana. La ciudad de Bariloche tiene un alto nivel de reservas y estar\u00eda cerca de colmar su capacidad. En San Mart\u00edn de los Andes, en cambio, el movimiento por ahora es tranquilo.<\/p>\n\n\n\n<h2 class=\"wp-block-heading\">A la ca\u00edda del turismo local&nbsp;se suma un desplome del emisivo&nbsp;<\/h2>\n\n\n\n<p>La cantidad de turistas emisivos, es decir los ciudadanos que salieron de las fronteras de la Argentina para vacacionar,&nbsp;<strong>tuvo un descenso del 32,9% durante marzo en la comparaci\u00f3n interanual<\/strong>. Por otro lado, los visitantes que llegaron desde otros pa\u00edses \u2013turismo receptivo- registraron un incremento del 1,6%. La crisis econ\u00f3mica se empieza a sentir en sectores de la clase media que otrora pod\u00edan agarrar el auto y cruzar alguna de las fronteras habilitadas por v\u00eda terrestre. Durante el tercer mes del a\u00f1o, el turismo emisivo por tierra<strong>&nbsp;tuvo un descenso interanual del 41%, con especial incidencia en el cruce del Cristo Redentor.<\/strong><\/p>\n\n\n\n<figure class=\"wp-block-image is-resized\"><img decoding=\"async\" src=\"https:\/\/cdn.eldestapeweb.com\/eldestape\/122025\/1765567283470.webp?cw=375&amp;ch=211&amp;extw=jpg\" alt=\"Crisis de la clase media: cay\u00f3 41% el turismo a pa\u00edses lim\u00edtrofes por v\u00eda terrestre\" style=\"width:738px;height:auto\"\/><\/figure>\n\n\n\n<p><a href=\"https:\/\/www.eldestapeweb.com\/economia\/crisis-de-la-clase-media-caida-del-41-interanual-del-turismo-emisivo-por-via-terrestre-2026424195324?utm_medium=internal&amp;utm_source=Notapropia&amp;utm_campaign=Nota_Propia\"><\/a><\/p>\n\n\n\n<p>En marzo de este a\u00f1o, ingresaron al pa\u00eds 824.000 visitantes no residentes por todas las v\u00edas de acceso al pa\u00eds, de los cuales 510.000 fueron turistas y 315.000 fueron excursionistas \u2013es decir que pasaron por el pa\u00eds pero sin dormir-.&nbsp;<strong>La salida de turistas fue de 1.5 millones. El saldo negativo fue de 705.000 personas<\/strong>, situaci\u00f3n que tambi\u00e9n quedar\u00e1 registrada en la salida de d\u00f3lares una vez que el Banco Central procese los datos para el tercer mes del a\u00f1o.<\/p>\n\n\n\n<p><\/p>\n","protected":false},"excerpt":{"rendered":"<p>Desde el sector tur\u00edstico marplatense sostienen que las reservas para el fin de semana del D\u00eda del Trabajador son nulas. Se mantiene la afluencia en destinos premium.&nbsp; Este fin de semana largo podr\u00eda transformarse en una nueva foto de una\u00a0econom\u00eda de dos velocidades. Seg\u00fan un relevamiento, destinos populares como\u00a0Mar del Plata\u00a0y\u00a0Villa Gesell\u00a0casi\u00a0no tienen reservas\u00a0en la [&hellip;]<\/p>\n","protected":false},"author":1,"featured_media":23793,"comment_status":"closed","ping_status":"open","sticky":false,"template":"","format":"standard","meta":{"site-sidebar-layout":"default","site-content-layout":"","ast-site-content-layout":"default","site-content-style":"default","site-sidebar-style":"default","ast-global-header-display":"","ast-banner-title-visibility":"","ast-main-header-display":"","ast-hfb-above-header-display":"","ast-hfb-below-header-display":"","ast-hfb-mobile-header-display":"","site-post-title":"","ast-breadcrumbs-content":"","ast-featured-img":"","footer-sml-layout":"","ast-disable-related-posts":"","theme-transparent-header-meta":"","adv-header-id-meta":"","stick-header-meta":"","header-above-stick-meta":"","header-main-stick-meta":"","header-below-stick-meta":"","astra-migrate-meta-layouts":"set","ast-page-background-enabled":"default","ast-page-background-meta":{"desktop":{"background-color":"var(--ast-global-color-4)","background-image":"","background-repeat":"repeat","background-position":"center center","background-size":"auto","background-attachment":"scroll","background-type":"","background-media":"","overlay-type":"","overlay-color":"","overlay-opacity":"","overlay-gradient":""},"tablet":{"background-color":"","background-image":"","background-repeat":"repeat","background-position":"center center","background-size":"auto","background-attachment":"scroll","background-type":"","background-media":"","overlay-type":"","overlay-color":"","overlay-opacity":"","overlay-gradient":""},"mobile":{"background-color":"","background-image":"","background-repeat":"repeat","background-position":"center center","background-size":"auto","background-attachment":"scroll","background-type":"","background-media":"","overlay-type":"","overlay-color":"","overlay-opacity":"","overlay-gradient":""}},"ast-content-background-meta":{"desktop":{"background-color":"var(--ast-global-color-5)","background-image":"","background-repeat":"repeat","background-position":"center center","background-size":"auto","background-attachment":"scroll","background-type":"","background-media":"","overlay-type":"","overlay-color":"","overlay-opacity":"","overlay-gradient":""},"tablet":{"background-color":"var(--ast-global-color-5)","background-image":"","background-repeat":"repeat","background-position":"center center","background-size":"auto","background-attachment":"scroll","background-type":"","background-media":"","overlay-type":"","overlay-color":"","overlay-opacity":"","overlay-gradient":""},"mobile":{"background-color":"var(--ast-global-color-5)","background-image":"","background-repeat":"repeat","background-position":"center center","background-size":"auto","background-attachment":"scroll","background-type":"","background-media":"","overlay-type":"","overlay-color":"","overlay-opacity":"","overlay-gradient":""}},"footnotes":""},"categories":[1],"tags":[],"class_list":["post-23792","post","type-post","status-publish","format-standard","has-post-thumbnail","hentry","category-sin-categoria"],"_links":{"self":[{"href":"https:\/\/fmsolpeyrano.com\/index.php\/wp-json\/wp\/v2\/posts\/23792","targetHints":{"allow":["GET"]}}],"collection":[{"href":"https:\/\/fmsolpeyrano.com\/index.php\/wp-json\/wp\/v2\/posts"}],"about":[{"href":"https:\/\/fmsolpeyrano.com\/index.php\/wp-json\/wp\/v2\/types\/post"}],"author":[{"embeddable":true,"href":"https:\/\/fmsolpeyrano.com\/index.php\/wp-json\/wp\/v2\/users\/1"}],"replies":[{"embeddable":true,"href":"https:\/\/fmsolpeyrano.com\/index.php\/wp-json\/wp\/v2\/comments?post=23792"}],"version-history":[{"count":1,"href":"https:\/\/fmsolpeyrano.com\/index.php\/wp-json\/wp\/v2\/posts\/23792\/revisions"}],"predecessor-version":[{"id":23794,"href":"https:\/\/fmsolpeyrano.com\/index.php\/wp-json\/wp\/v2\/posts\/23792\/revisions\/23794"}],"wp:featuredmedia":[{"embeddable":true,"href":"https:\/\/fmsolpeyrano.com\/index.php\/wp-json\/wp\/v2\/media\/23793"}],"wp:attachment":[{"href":"https:\/\/fmsolpeyrano.com\/index.php\/wp-json\/wp\/v2\/media?parent=23792"}],"wp:term":[{"taxonomy":"category","embeddable":true,"href":"https:\/\/fmsolpeyrano.com\/index.php\/wp-json\/wp\/v2\/categories?post=23792"},{"taxonomy":"post_tag","embeddable":true,"href":"https:\/\/fmsolpeyrano.com\/index.php\/wp-json\/wp\/v2\/tags?post=23792"}],"curies":[{"name":"wp","href":"https:\/\/api.w.org\/{rel}","templated":true}]}}