{"id":23786,"date":"2026-04-27T09:55:58","date_gmt":"2026-04-27T12:55:58","guid":{"rendered":"https:\/\/fmsolpeyrano.com\/?p=23786"},"modified":"2026-04-27T09:55:58","modified_gmt":"2026-04-27T12:55:58","slug":"la-cgt-convoco-a-una-marcha-por-el-dia-del-trabajador-defender-el-empleo-de-calidad","status":"publish","type":"post","link":"https:\/\/fmsolpeyrano.com\/index.php\/2026\/04\/27\/la-cgt-convoco-a-una-marcha-por-el-dia-del-trabajador-defender-el-empleo-de-calidad\/","title":{"rendered":"La CGT convoc\u00f3 a una marcha por el D\u00eda del Trabajador: \u201cDefender el empleo de calidad\u201d"},"content":{"rendered":"\n<p>En la antesala del D\u00eda del Trabajador,\u00a0<strong>la Confederaci\u00f3n General del Trabajo (CGT) anunci\u00f3 una movilizaci\u00f3n a Plaza de Mayo el pr\u00f3ximo 30 de abril a las 15.\u00a0<\/strong>\u201cMarchamos porque defender el empleo de calidad es proteger el futuro del pueblo argentino\u201d, enfatizaron desde la central obrera.<\/p>\n\n\n\n<p>La CGT\u00a0subray\u00f3 que el lema de la marcha ser\u00e1 \u201cDefender el empleo de calidad\u201d. \u00a0La movilizaci\u00f3n contar\u00e1 con la participaci\u00f3n de gremios como UPCN, UOCRA, Sanidad, Camioneros y Judiciales, entre otros. \u00a0Tambi\u00e9n se espera la adhesi\u00f3n de movimientos sociales vinculados a la Uni\u00f3n de Trabajadores de la Econom\u00eda Popular (UTEP). \u00a0La actividad incluir\u00e1 una misa en recuerdo del papa Francisco, a un a\u00f1o de su fallecimiento. \u00a0<\/p>\n\n\n\n<p>Este proyecto lo hacemos colectivamente. Sosten\u00e9 a El Destape con un click ac\u00e1. Sigamos haciendo historia.<\/p>\n\n\n\n<p>\u201cHemos decidido, en conmemoraci\u00f3n con el pr\u00f3ximo D\u00eda del Trabajador, hacer una movilizaci\u00f3n a Plaza de Mayo\u201d, expres\u00f3 Jorge Sola, integrante del triunvirato de conducci\u00f3n de la CGT. &nbsp;En ese sentido, Sola advirti\u00f3:<strong>&nbsp;\u201cEl trabajador es siempre la parte m\u00e1s d\u00e9bil y al que debe protegerse. En esta ley se retrocede en todos los derechos individuales y colectivos\u201d. &nbsp;<\/strong><\/p>\n\n\n\n<p>\u201cLos trabajadores no llegan a fin de mes, no pueden mantener la educaci\u00f3n de sus hijos y consumen m\u00e1s hidratos que carne porque no alcanza la plata\u201d, agreg\u00f3 Sola. La marcha tambi\u00e9n busca visibilizar el cierre de m\u00e1s de 21 mil empresas en dos a\u00f1os. Por otro lado, la CGT insisti\u00f3 en la necesidad de paritarias libres, sin techos impuestos por el Gobierno. \u201cPara los salarios que tienen p\u00e9rdida de poder adquisitivo, que son todos hoy en la Argentina, reclamamos paritarias libres\u201d, enfatiz\u00f3 la conducci\u00f3n sindical.<\/p>\n\n\n\n<p>Finalmente, la central obrera concluy\u00f3 que la marcha del 30 de abril ser\u00e1 un llamado a la unidad de los trabajadores frente a la crisis: \u201cDefender el empleo de calidad es defender el futuro del pa\u00eds\u201d. &nbsp;<\/p>\n\n\n\n<h2 class=\"wp-block-heading\">La CGT recusar\u00e1 al juez que habilit\u00f3 la reforma laboral: \u201cEl grado de obscenidad molesta\u201d<\/h2>\n\n\n\n<p>En simult\u00e1neo, la CGT anunci\u00f3 que avanzar\u00e1 judicialmente contra el juez V\u00edctor Arturo Pesino, integrante de la C\u00e1mara Nacional del Trabajo. La decisi\u00f3n surgi\u00f3 luego de que se habilitara la aplicaci\u00f3n de la reforma laboral impulsada por el Gobierno. &nbsp;<\/p>\n\n\n\n<p>En paralelo, la central obrera confirm\u00f3 que apelar\u00e1 el fallo de la Sala VIII, que dej\u00f3 sin efecto la cautelar dictada por el juez Ra\u00fal Ojeda y que hab\u00eda suspendido 82 art\u00edculos de la normativa cuestionada.<strong>&nbsp;\u201cSeguramente lo recusaremos. Estamos esperando que el equipo jur\u00eddico de la CGT nos diga los pr\u00f3ximos pasos a seguir\u201d,<\/strong>&nbsp;expres\u00f3 Cristian Jer\u00f3nimo, uno de los triunviros de la central, en di\u00e1logo con&nbsp;<em>Futurock<\/em>. &nbsp;<\/p>\n\n\n\n<p>El dirigente del sindicato del Vidrio apunt\u00f3 directamente contra Pesino, al se\u00f1alar que \u201ces muy evidente\u201d la maniobra judicial. \u201cHubiesen esperado m\u00e1s, el grado de obscenidad que se tomaron, c\u00f3mo hicieron las cosas, no solamente indigna, sino que molesta y mucho\u201d, cuestion\u00f3. &nbsp;<\/p>\n","protected":false},"excerpt":{"rendered":"<p>En la antesala del D\u00eda del Trabajador,\u00a0la Confederaci\u00f3n General del Trabajo (CGT) anunci\u00f3 una movilizaci\u00f3n a Plaza de Mayo el pr\u00f3ximo 30 de abril a las 15.\u00a0\u201cMarchamos porque defender el empleo de calidad es proteger el futuro del pueblo argentino\u201d, enfatizaron desde la central obrera. La CGT\u00a0subray\u00f3 que el lema de la marcha ser\u00e1 \u201cDefender [&hellip;]<\/p>\n","protected":false},"author":1,"featured_media":23787,"comment_status":"closed","ping_status":"open","sticky":false,"template":"","format":"standard","meta":{"site-sidebar-layout":"default","site-content-layout":"","ast-site-content-layout":"default","site-content-style":"default","site-sidebar-style":"default","ast-global-header-display":"","ast-banner-title-visibility":"","ast-main-header-display":"","ast-hfb-above-header-display":"","ast-hfb-below-header-display":"","ast-hfb-mobile-header-display":"","site-post-title":"","ast-breadcrumbs-content":"","ast-featured-img":"","footer-sml-layout":"","ast-disable-related-posts":"","theme-transparent-header-meta":"","adv-header-id-meta":"","stick-header-meta":"","header-above-stick-meta":"","header-main-stick-meta":"","header-below-stick-meta":"","astra-migrate-meta-layouts":"set","ast-page-background-enabled":"default","ast-page-background-meta":{"desktop":{"background-color":"var(--ast-global-color-4)","background-image":"","background-repeat":"repeat","background-position":"center center","background-size":"auto","background-attachment":"scroll","background-type":"","background-media":"","overlay-type":"","overlay-color":"","overlay-opacity":"","overlay-gradient":""},"tablet":{"background-color":"","background-image":"","background-repeat":"repeat","background-position":"center center","background-size":"auto","background-attachment":"scroll","background-type":"","background-media":"","overlay-type":"","overlay-color":"","overlay-opacity":"","overlay-gradient":""},"mobile":{"background-color":"","background-image":"","background-repeat":"repeat","background-position":"center center","background-size":"auto","background-attachment":"scroll","background-type":"","background-media":"","overlay-type":"","overlay-color":"","overlay-opacity":"","overlay-gradient":""}},"ast-content-background-meta":{"desktop":{"background-color":"var(--ast-global-color-5)","background-image":"","background-repeat":"repeat","background-position":"center center","background-size":"auto","background-attachment":"scroll","background-type":"","background-media":"","overlay-type":"","overlay-color":"","overlay-opacity":"","overlay-gradient":""},"tablet":{"background-color":"var(--ast-global-color-5)","background-image":"","background-repeat":"repeat","background-position":"center center","background-size":"auto","background-attachment":"scroll","background-type":"","background-media":"","overlay-type":"","overlay-color":"","overlay-opacity":"","overlay-gradient":""},"mobile":{"background-color":"var(--ast-global-color-5)","background-image":"","background-repeat":"repeat","background-position":"center center","background-size":"auto","background-attachment":"scroll","background-type":"","background-media":"","overlay-type":"","overlay-color":"","overlay-opacity":"","overlay-gradient":""}},"footnotes":""},"categories":[1],"tags":[],"class_list":["post-23786","post","type-post","status-publish","format-standard","has-post-thumbnail","hentry","category-sin-categoria"],"_links":{"self":[{"href":"https:\/\/fmsolpeyrano.com\/index.php\/wp-json\/wp\/v2\/posts\/23786","targetHints":{"allow":["GET"]}}],"collection":[{"href":"https:\/\/fmsolpeyrano.com\/index.php\/wp-json\/wp\/v2\/posts"}],"about":[{"href":"https:\/\/fmsolpeyrano.com\/index.php\/wp-json\/wp\/v2\/types\/post"}],"author":[{"embeddable":true,"href":"https:\/\/fmsolpeyrano.com\/index.php\/wp-json\/wp\/v2\/users\/1"}],"replies":[{"embeddable":true,"href":"https:\/\/fmsolpeyrano.com\/index.php\/wp-json\/wp\/v2\/comments?post=23786"}],"version-history":[{"count":1,"href":"https:\/\/fmsolpeyrano.com\/index.php\/wp-json\/wp\/v2\/posts\/23786\/revisions"}],"predecessor-version":[{"id":23788,"href":"https:\/\/fmsolpeyrano.com\/index.php\/wp-json\/wp\/v2\/posts\/23786\/revisions\/23788"}],"wp:featuredmedia":[{"embeddable":true,"href":"https:\/\/fmsolpeyrano.com\/index.php\/wp-json\/wp\/v2\/media\/23787"}],"wp:attachment":[{"href":"https:\/\/fmsolpeyrano.com\/index.php\/wp-json\/wp\/v2\/media?parent=23786"}],"wp:term":[{"taxonomy":"category","embeddable":true,"href":"https:\/\/fmsolpeyrano.com\/index.php\/wp-json\/wp\/v2\/categories?post=23786"},{"taxonomy":"post_tag","embeddable":true,"href":"https:\/\/fmsolpeyrano.com\/index.php\/wp-json\/wp\/v2\/tags?post=23786"}],"curies":[{"name":"wp","href":"https:\/\/api.w.org\/{rel}","templated":true}]}}