{"id":23780,"date":"2026-04-27T09:45:01","date_gmt":"2026-04-27T12:45:01","guid":{"rendered":"https:\/\/fmsolpeyrano.com\/?p=23780"},"modified":"2026-04-27T09:45:01","modified_gmt":"2026-04-27T12:45:01","slug":"paro-universitario-hasta-el-2-de-mayo-milei-le-declaro-desde-el-dia-uno-la-guerra-a-los-trabajadores","status":"publish","type":"post","link":"https:\/\/fmsolpeyrano.com\/index.php\/2026\/04\/27\/paro-universitario-hasta-el-2-de-mayo-milei-le-declaro-desde-el-dia-uno-la-guerra-a-los-trabajadores\/","title":{"rendered":"Paro universitario hasta el 2 de mayo: &#8220;Milei le declar\u00f3 desde el d\u00eda uno la guerra a los trabajadores&#8221;"},"content":{"rendered":"\n<h2 class=\"wp-block-heading\" style=\"font-size:16px\">En el marco de la medida de fuerza que se extender\u00e1 durante toda la semana, Federico Gayoso, titular del gremio docente, dijo que el sistema universitario atraviesa la peor crisis de su historia y denunci\u00f3 una pol\u00edtica de vaciamiento del gobierno nacional<\/h2>\n\n\n\n<p>Por\u00a0<strong>Rosario3<\/strong><a href=\"https:\/\/www.rosario3.com\/informaciongeneral\/paro-universitario-hasta-el-2-de-mayo-milei-le-declaro-desde-el-dia-uno-la-guerra-a-los-trabajadores-20260427-0017.html#\"><\/a><a href=\"https:\/\/www.rosario3.com\/informaciongeneral\/paro-universitario-hasta-el-2-de-mayo-milei-le-declaro-desde-el-dia-uno-la-guerra-a-los-trabajadores-20260427-0017.html#\"><\/a><a href=\"https:\/\/www.rosario3.com\/informaciongeneral\/paro-universitario-hasta-el-2-de-mayo-milei-le-declaro-desde-el-dia-uno-la-guerra-a-los-trabajadores-20260427-0017.html#\"><\/a><a href=\"https:\/\/www.facebook.com\/dialog\/send?app_id=798609233530383&amp;redirect_uri=https:\/\/www.rosario3.com\/informaciongeneral\/paro-universitario-hasta-el-2-de-mayo-milei-le-declaro-desde-el-dia-uno-la-guerra-a-los-trabajadores-20260427-0017.html&amp;link=https:\/\/www.rosario3.com\/informaciongeneral\/paro-universitario-hasta-el-2-de-mayo-milei-le-declaro-desde-el-dia-uno-la-guerra-a-los-trabajadores-20260427-0017.html\" target=\"_blank\" rel=\"noreferrer noopener\"><\/a><a href=\"mailto:?subject=Te%20recomiendo%20esta%20nota%20de%20Rosario3&amp;body=Lee%20esta%20nota%20de%20Rosario3:%20https:\/\/www.rosario3.com\/informaciongeneral\/paro-universitario-hasta-el-2-de-mayo-milei-le-declaro-desde-el-dia-uno-la-guerra-a-los-trabajadores-20260427-0017.html\"><\/a><\/p>\n\n\n\n<p>El conflicto universitario suma un nuevo cap\u00edtulo con una medida de fuerza que se extender\u00e1 durante toda la semana. En este marco, el secretario general del gremio de los docentes de las facultades rosarinas (Coad), Federico Gayoso, traz\u00f3 un duro diagn\u00f3stico sobre el impacto del desfinanciamiento nacional en la Universidad Nacional de Rosario, advirtiendo sobre&nbsp;<strong>una preocupante fuga de profesionales y el vaciamiento de la instituci\u00f3n.<\/strong><\/p>\n\n\n\n<p>El paro de los docentes universitarios se lleva a cabo en reclamo de que se cumpla la ley de financiamiento universitario.&nbsp;<strong>La protesta se extender\u00e1 hasta el 2 de mayo inclusive.<\/strong>&nbsp;Adem\u00e1s, durante estos d\u00edas se realizar\u00e1 una asamblea para definir los pasos a seguir, en la antesala de lo que ser\u00e1, el 12 de mayo, la cuarta marcha federal en defensa de la educaci\u00f3n p\u00fablica en la Argentina.<\/p>\n\n\n\n<p>En di\u00e1logo con Radio 2, Gayoso no dud\u00f3 en se\u00f1alar al gobierno nacional como el principal responsable de la situaci\u00f3n actual. \u201cHoy realmente&nbsp;<strong>estamos atravesando una de las peores crisis del sistema universitario<\/strong>&nbsp;y esto tiene que ver con una decisi\u00f3n pol\u00edtica de este presidente de desfinanciarlo\u201d, afirm\u00f3 el dirigente, que consider\u00f3 que la gesti\u00f3n central&nbsp;<strong>\u201cle declar\u00f3 la guerra desde el d\u00eda uno a toda la clase trabajadora\u201d.<\/strong><\/p>\n\n\n\n<p>Uno de los puntos m\u00e1s cr\u00edticos que expuso el representante de Coad es el deterioro de los ingresos, lo que repercute directamente en la retenci\u00f3n del talento acad\u00e9mico. Seg\u00fan detall\u00f3, en la actualidad un docente sin antig\u00fcedad, con jornada completa de ocho horas diarias de lunes a viernes, percibe una suma inferior a un mill\u00f3n de pesos.<strong>&nbsp;\u201cEstamos hablando de 970, 980 mil pesos con los descuentos que tiene ya nuestra obra social\u201d<\/strong>, puntualiz\u00f3.<\/p>\n\n\n\n<p>Esta depreciaci\u00f3n salarial gener\u00f3 un fen\u00f3meno alarmante en las facultades. \u201cEl \u00e9xodo en estos \u00faltimos dos a\u00f1os fue muy importante.&nbsp;<strong>Gente muy formada, con cargos concursados, que se est\u00e1n yendo<\/strong>. Por otro lado, vemos la contracara de esto de concursos que quedan desiertos porque no se presenta nadie\u201d, lament\u00f3 Gayoso. El secretario general de la Coad explic\u00f3 que las convocatorias que antes eran muy disputadas hoy no atraen postulantes debido a que el sueldo no permite sostener de manera digna la vida familiar.<\/p>\n\n\n\n<p>M\u00e1s all\u00e1 de los salarios, el vaciamiento tambi\u00e9n afecta los gastos de funcionamiento, el mantenimiento de los edificios y la compra de materiales de estudio. Gayoso ilustr\u00f3 esta precariedad al referirse al trabajo diario en las aulas pr\u00e1cticas: \u201cLos compa\u00f1eros que laburan en laboratorios nos comentan que por ah\u00ed para poder llevar adelante una experiencia o explicar un fen\u00f3meno, tienen que recurrir a cuestiones artesanales tratando de reemplazar todo lo que no hay con el ingenio y la creatividad, y muchas veces no es suficiente\u201d.<\/p>\n\n\n\n<p>De cara al futuro inmediato y a la pr\u00f3xima movilizaci\u00f3n, el referente sindical dej\u00f3 en claro que no ser\u00e1n espectadores silenciosos frente al ajuste. Si el gobierno no da marcha atr\u00e1s, advirti\u00f3 que la situaci\u00f3n empeorar\u00e1 en todos los aspectos, con menos docentes formados, menos estudiantes y equipamiento roto que no se podr\u00e1 reparar.<\/p>\n\n\n\n<p>\u201cRealmente no s\u00e9 cu\u00e1l es el plan del gobierno, si lo que quiere es privatizarlo o s<strong>implemente bajar la calidad del sistema universitario p\u00fablico para que el que pueda vaya a una privada\u201d<\/strong>, reflexion\u00f3. Finalmente, concluy\u00f3 con un firme mensaje de resistencia: \u201cNosotros vamos a defender el sistema universitario como lo conocemos. Siempre decimos que queremos defender esta universidad para transformarla y que sea lo que el pueblo necesita, pero si deja de existir, nunca vamos a poder transformar\u201d.<\/p>\n","protected":false},"excerpt":{"rendered":"<p>En el marco de la medida de fuerza que se extender\u00e1 durante toda la semana, Federico Gayoso, titular del gremio docente, dijo que el sistema universitario atraviesa la peor crisis de su historia y denunci\u00f3 una pol\u00edtica de vaciamiento del gobierno nacional Por\u00a0Rosario3 El conflicto universitario suma un nuevo cap\u00edtulo con una medida de fuerza [&hellip;]<\/p>\n","protected":false},"author":1,"featured_media":23781,"comment_status":"closed","ping_status":"open","sticky":false,"template":"","format":"standard","meta":{"site-sidebar-layout":"default","site-content-layout":"","ast-site-content-layout":"default","site-content-style":"default","site-sidebar-style":"default","ast-global-header-display":"","ast-banner-title-visibility":"","ast-main-header-display":"","ast-hfb-above-header-display":"","ast-hfb-below-header-display":"","ast-hfb-mobile-header-display":"","site-post-title":"","ast-breadcrumbs-content":"","ast-featured-img":"","footer-sml-layout":"","ast-disable-related-posts":"","theme-transparent-header-meta":"","adv-header-id-meta":"","stick-header-meta":"","header-above-stick-meta":"","header-main-stick-meta":"","header-below-stick-meta":"","astra-migrate-meta-layouts":"set","ast-page-background-enabled":"default","ast-page-background-meta":{"desktop":{"background-color":"var(--ast-global-color-4)","background-image":"","background-repeat":"repeat","background-position":"center center","background-size":"auto","background-attachment":"scroll","background-type":"","background-media":"","overlay-type":"","overlay-color":"","overlay-opacity":"","overlay-gradient":""},"tablet":{"background-color":"","background-image":"","background-repeat":"repeat","background-position":"center center","background-size":"auto","background-attachment":"scroll","background-type":"","background-media":"","overlay-type":"","overlay-color":"","overlay-opacity":"","overlay-gradient":""},"mobile":{"background-color":"","background-image":"","background-repeat":"repeat","background-position":"center center","background-size":"auto","background-attachment":"scroll","background-type":"","background-media":"","overlay-type":"","overlay-color":"","overlay-opacity":"","overlay-gradient":""}},"ast-content-background-meta":{"desktop":{"background-color":"var(--ast-global-color-5)","background-image":"","background-repeat":"repeat","background-position":"center center","background-size":"auto","background-attachment":"scroll","background-type":"","background-media":"","overlay-type":"","overlay-color":"","overlay-opacity":"","overlay-gradient":""},"tablet":{"background-color":"var(--ast-global-color-5)","background-image":"","background-repeat":"repeat","background-position":"center center","background-size":"auto","background-attachment":"scroll","background-type":"","background-media":"","overlay-type":"","overlay-color":"","overlay-opacity":"","overlay-gradient":""},"mobile":{"background-color":"var(--ast-global-color-5)","background-image":"","background-repeat":"repeat","background-position":"center center","background-size":"auto","background-attachment":"scroll","background-type":"","background-media":"","overlay-type":"","overlay-color":"","overlay-opacity":"","overlay-gradient":""}},"footnotes":""},"categories":[1],"tags":[],"class_list":["post-23780","post","type-post","status-publish","format-standard","has-post-thumbnail","hentry","category-sin-categoria"],"_links":{"self":[{"href":"https:\/\/fmsolpeyrano.com\/index.php\/wp-json\/wp\/v2\/posts\/23780","targetHints":{"allow":["GET"]}}],"collection":[{"href":"https:\/\/fmsolpeyrano.com\/index.php\/wp-json\/wp\/v2\/posts"}],"about":[{"href":"https:\/\/fmsolpeyrano.com\/index.php\/wp-json\/wp\/v2\/types\/post"}],"author":[{"embeddable":true,"href":"https:\/\/fmsolpeyrano.com\/index.php\/wp-json\/wp\/v2\/users\/1"}],"replies":[{"embeddable":true,"href":"https:\/\/fmsolpeyrano.com\/index.php\/wp-json\/wp\/v2\/comments?post=23780"}],"version-history":[{"count":1,"href":"https:\/\/fmsolpeyrano.com\/index.php\/wp-json\/wp\/v2\/posts\/23780\/revisions"}],"predecessor-version":[{"id":23782,"href":"https:\/\/fmsolpeyrano.com\/index.php\/wp-json\/wp\/v2\/posts\/23780\/revisions\/23782"}],"wp:featuredmedia":[{"embeddable":true,"href":"https:\/\/fmsolpeyrano.com\/index.php\/wp-json\/wp\/v2\/media\/23781"}],"wp:attachment":[{"href":"https:\/\/fmsolpeyrano.com\/index.php\/wp-json\/wp\/v2\/media?parent=23780"}],"wp:term":[{"taxonomy":"category","embeddable":true,"href":"https:\/\/fmsolpeyrano.com\/index.php\/wp-json\/wp\/v2\/categories?post=23780"},{"taxonomy":"post_tag","embeddable":true,"href":"https:\/\/fmsolpeyrano.com\/index.php\/wp-json\/wp\/v2\/tags?post=23780"}],"curies":[{"name":"wp","href":"https:\/\/api.w.org\/{rel}","templated":true}]}}