{"id":23763,"date":"2026-04-25T11:06:58","date_gmt":"2026-04-25T14:06:58","guid":{"rendered":"https:\/\/fmsolpeyrano.com\/?p=23763"},"modified":"2026-04-25T11:06:58","modified_gmt":"2026-04-25T14:06:58","slug":"pullaro-si-nos-hacemos-cargo-de-las-rutas-nacionales-es-porque-los-santafesinos-lo-necesitan-y-el-estado-nacional-no-se-quiere-hacer-cargo","status":"publish","type":"post","link":"https:\/\/fmsolpeyrano.com\/index.php\/2026\/04\/25\/pullaro-si-nos-hacemos-cargo-de-las-rutas-nacionales-es-porque-los-santafesinos-lo-necesitan-y-el-estado-nacional-no-se-quiere-hacer-cargo\/","title":{"rendered":"Pullaro: \u201cSi nos hacemos cargo de las rutas nacionales es porque los santafesinos lo necesitan y el Estado Nacional no se quiere hacer cargo\u201d"},"content":{"rendered":"\n<p>Pullaro volvi\u00f3 a reclamar la eliminaci\u00f3n de las retenciones, y destac\u00f3 la pol\u00edtica tributaria de la Provincia: \u201cSanta Fe tiene hoy la menor carga impositiva de los \u00faltimos veinte a\u00f1os\u201d, dijo, y record\u00f3 que aqu\u00ed \u201cel campo no paga Ingresos Brutos\u201d<\/p>\n\n\n\n<p><br>El gobernador de la provincia de Santa Fe, Maximiliano Pullaro, particip\u00f3 este viernes del remate del primer lote de soja de la campa\u00f1a 2025\/26, realizado en la Bolsa de Comercio de Rosario.<br><br>Durante el acto, el mandatario destac\u00f3 \u201cla importancia institucional de la actividad, porque refleja el esfuerzo de miles de productores agropecuarios que creen en la fuerza del trabajo y del campo\u201d, y remarc\u00f3 que ambos factores \u201cdefinen la identidad productiva de la provincia\u201d.<br><br>Pullaro sostuvo que \u201cel Estado tiene que apostar al desarrollo de infraestructura para producir m\u00e1s\u201d y se\u00f1al\u00f3 que, tras 28 meses de gesti\u00f3n, la Provincia puede exhibir avances concretos. \u201cHoy podemos mostrar que las principales obras comprometidas est\u00e1n en ejecuci\u00f3n: los accesos a los puertos, el tercer carril de la autopista, el Camino de la Cremer\u00eda y las rutas transversales que conectan con los nodos portuarios\u201d, detall\u00f3.<br><br>En esa l\u00ednea, enfatiz\u00f3 que estas inversiones buscan mejorar la log\u00edstica del transporte de cargas: \u201cNuestros transportistas no pueden seguir atravesando las dificultades que enfrentan cada vez que intentan llegar a los puertos\u201d.<\/p>\n\n\n\n<p><strong>\u201cNos hacemos cargo\u201d<\/strong><br>El gobernador subray\u00f3 que esas obras \u201cno corresponden a la Provincia, sino al Estado nacional\u201d, al que le atribuy\u00f3 la responsabilidad por el mantenimiento de las rutas nacionales. \u201cEs la Naci\u00f3n la que percibe las retenciones agropecuarias, recursos que deber\u00edan destinarse a infraestructura\u201d, indic\u00f3.<br><br>No obstante, afirm\u00f3 que la provincia decidi\u00f3 intervenir: \u201cNo solo reclamamos, tambi\u00e9n nos hacemos cargo. Aunque no recibamos esos fondos, invertimos porque son nuestros productores, industriales y camioneros quienes transitan esas rutas\u201d.<br><br>Pullaro tambi\u00e9n cuestion\u00f3 el estado de la red vial nacional: \u201cYa no se trata de pozos, sino de verdaderos cr\u00e1teres\u201d, grafic\u00f3.<br><br>Sobre la eventual transferencia de rutas a la \u00f3rbita provincial, el mandatario sostuvo que responde a una falta de acci\u00f3n del Gobierno nacional: \u201cSi asumimos esa responsabilidad es porque los santafesinos lo necesitan y porque el Estado nacional no lo hace aunque el equilibrio fiscal se sostiene, en gran medida, con recursos de las provincias\u201d.<br><br>En ese contexto, plante\u00f3 la necesidad de un enfoque m\u00e1s amplio de la pol\u00edtica econ\u00f3mica: \u201cNo alcanza con recortar o pensar \u00fanicamente en timba financiera; es imprescindible fortalecer el sistema productivo\u201d.<\/p>\n\n\n\n<p><strong>Mayor financiamiento y reducci\u00f3n impositiva<\/strong><br>El gobernador tambi\u00e9n destac\u00f3 las pol\u00edticas de financiamiento impulsadas por la Provincia. \u201cTenemos acuerdos con ocho entidades financieras para ofrecer tasas subsidiadas y un fondo de garant\u00eda que permite sostener a nuestras empresas en un contexto de recesi\u00f3n\u201d, explic\u00f3.<br><br>Asimismo, volvi\u00f3 a pedir la eliminaci\u00f3n de las retenciones por parte de Naci\u00f3n, y defendi\u00f3 la pol\u00edtica tributaria provincial: \u201cSanta Fe tiene hoy la menor carga impositiva de los \u00faltimos veinte a\u00f1os. El campo no paga Ingresos Brutos y la industria tributa el 0,7%\u201d, precis\u00f3.<br><br>En cuanto a incentivos, se\u00f1al\u00f3 que las empresas pueden deducir parte de los salarios de nuevos empleados -hasta 1,7 millones de pesos- y tambi\u00e9n un porcentaje del consumo el\u00e9ctrico. \u201cM\u00e1s de 1.500 firmas ya adhirieron a estos beneficios y unas 4.000 utilizaron la deducci\u00f3n por energ\u00eda\u201d, puntualiz\u00f3.<br><br>Pullaro advirti\u00f3 que estas medidas implicar\u00e1n una menor recaudaci\u00f3n para la Provincia: \u201cCuando todos accedan a estos beneficios, el Estado dejar\u00e1 de percibir unos 82.000 millones de pesos este a\u00f1o. Aun as\u00ed, creemos que es el camino: m\u00e1s financiamiento, m\u00e1s infraestructura y menos impuestos\u201d.<\/p>\n\n\n\n<p><strong>Tasa de violencia m\u00e1s baja del siglo<\/strong><br>Por \u00faltimo, el mandatario agradeci\u00f3 el respaldo institucional de la Bolsa de Comercio de Rosario durante los momentos m\u00e1s cr\u00edticos en materia de seguridad. \u201cAl inicio de la gesti\u00f3n enfrentamos una situaci\u00f3n compleja. Tomamos decisiones firmes en las c\u00e1rceles y en las calles, y demostramos que cuando el Estado act\u00faa con determinaci\u00f3n, puede revertir escenarios adversos\u201d, afirm\u00f3.<br><br>En ese sentido, asegur\u00f3 que actualmente la provincia registra \u201cla tasa de violencia y de delitos m\u00e1s baja del siglo\u201d.<br><br>Del acto participaron tambi\u00e9n la diputada nacional Gisela Scaglia; la presidenta de la C\u00e1mara de Diputados de Santa Fe, Clara Garc\u00eda; y las autoridades de la Bolsa de Comercio de Rosario, Pablo Bortolato y Miguel Simioni, entre otros.<\/p>\n\n\n\n<figure class=\"wp-block-audio\"><audio controls src=\"https:\/\/fmsolpeyrano.com\/wp-content\/uploads\/2026\/04\/2026-04-24NID_285831O_1.mp3\"><\/audio><\/figure>\n\n\n\n<p class=\"has-ast-global-color-5-color has-luminous-vivid-orange-background-color has-text-color has-background has-link-color wp-elements-0a113ad8a4b7719b4d700d445ca0fa4d\">AUDIO: Gobernador de la provincia de Santa Fe, Maximiliano Pullaro<\/p>\n\n\n\n<p><\/p>\n","protected":false},"excerpt":{"rendered":"<p>Pullaro volvi\u00f3 a reclamar la eliminaci\u00f3n de las retenciones, y destac\u00f3 la pol\u00edtica tributaria de la Provincia: \u201cSanta Fe tiene hoy la menor carga impositiva de los \u00faltimos veinte a\u00f1os\u201d, dijo, y record\u00f3 que aqu\u00ed \u201cel campo no paga Ingresos Brutos\u201d El gobernador de la provincia de Santa Fe, Maximiliano Pullaro, particip\u00f3 este viernes del [&hellip;]<\/p>\n","protected":false},"author":1,"featured_media":23765,"comment_status":"closed","ping_status":"open","sticky":false,"template":"","format":"standard","meta":{"site-sidebar-layout":"default","site-content-layout":"","ast-site-content-layout":"default","site-content-style":"default","site-sidebar-style":"default","ast-global-header-display":"","ast-banner-title-visibility":"","ast-main-header-display":"","ast-hfb-above-header-display":"","ast-hfb-below-header-display":"","ast-hfb-mobile-header-display":"","site-post-title":"","ast-breadcrumbs-content":"","ast-featured-img":"","footer-sml-layout":"","ast-disable-related-posts":"","theme-transparent-header-meta":"","adv-header-id-meta":"","stick-header-meta":"","header-above-stick-meta":"","header-main-stick-meta":"","header-below-stick-meta":"","astra-migrate-meta-layouts":"set","ast-page-background-enabled":"default","ast-page-background-meta":{"desktop":{"background-color":"var(--ast-global-color-4)","background-image":"","background-repeat":"repeat","background-position":"center center","background-size":"auto","background-attachment":"scroll","background-type":"","background-media":"","overlay-type":"","overlay-color":"","overlay-opacity":"","overlay-gradient":""},"tablet":{"background-color":"","background-image":"","background-repeat":"repeat","background-position":"center center","background-size":"auto","background-attachment":"scroll","background-type":"","background-media":"","overlay-type":"","overlay-color":"","overlay-opacity":"","overlay-gradient":""},"mobile":{"background-color":"","background-image":"","background-repeat":"repeat","background-position":"center center","background-size":"auto","background-attachment":"scroll","background-type":"","background-media":"","overlay-type":"","overlay-color":"","overlay-opacity":"","overlay-gradient":""}},"ast-content-background-meta":{"desktop":{"background-color":"var(--ast-global-color-5)","background-image":"","background-repeat":"repeat","background-position":"center center","background-size":"auto","background-attachment":"scroll","background-type":"","background-media":"","overlay-type":"","overlay-color":"","overlay-opacity":"","overlay-gradient":""},"tablet":{"background-color":"var(--ast-global-color-5)","background-image":"","background-repeat":"repeat","background-position":"center center","background-size":"auto","background-attachment":"scroll","background-type":"","background-media":"","overlay-type":"","overlay-color":"","overlay-opacity":"","overlay-gradient":""},"mobile":{"background-color":"var(--ast-global-color-5)","background-image":"","background-repeat":"repeat","background-position":"center center","background-size":"auto","background-attachment":"scroll","background-type":"","background-media":"","overlay-type":"","overlay-color":"","overlay-opacity":"","overlay-gradient":""}},"footnotes":""},"categories":[1],"tags":[],"class_list":["post-23763","post","type-post","status-publish","format-standard","has-post-thumbnail","hentry","category-sin-categoria"],"_links":{"self":[{"href":"https:\/\/fmsolpeyrano.com\/index.php\/wp-json\/wp\/v2\/posts\/23763","targetHints":{"allow":["GET"]}}],"collection":[{"href":"https:\/\/fmsolpeyrano.com\/index.php\/wp-json\/wp\/v2\/posts"}],"about":[{"href":"https:\/\/fmsolpeyrano.com\/index.php\/wp-json\/wp\/v2\/types\/post"}],"author":[{"embeddable":true,"href":"https:\/\/fmsolpeyrano.com\/index.php\/wp-json\/wp\/v2\/users\/1"}],"replies":[{"embeddable":true,"href":"https:\/\/fmsolpeyrano.com\/index.php\/wp-json\/wp\/v2\/comments?post=23763"}],"version-history":[{"count":1,"href":"https:\/\/fmsolpeyrano.com\/index.php\/wp-json\/wp\/v2\/posts\/23763\/revisions"}],"predecessor-version":[{"id":23766,"href":"https:\/\/fmsolpeyrano.com\/index.php\/wp-json\/wp\/v2\/posts\/23763\/revisions\/23766"}],"wp:featuredmedia":[{"embeddable":true,"href":"https:\/\/fmsolpeyrano.com\/index.php\/wp-json\/wp\/v2\/media\/23765"}],"wp:attachment":[{"href":"https:\/\/fmsolpeyrano.com\/index.php\/wp-json\/wp\/v2\/media?parent=23763"}],"wp:term":[{"taxonomy":"category","embeddable":true,"href":"https:\/\/fmsolpeyrano.com\/index.php\/wp-json\/wp\/v2\/categories?post=23763"},{"taxonomy":"post_tag","embeddable":true,"href":"https:\/\/fmsolpeyrano.com\/index.php\/wp-json\/wp\/v2\/tags?post=23763"}],"curies":[{"name":"wp","href":"https:\/\/api.w.org\/{rel}","templated":true}]}}